{"id":2262,"date":"2021-01-04T09:07:12","date_gmt":"2021-01-04T15:07:12","guid":{"rendered":"https:\/\/tejiendoamigurumis.com\/miembro\/?p=2262"},"modified":"2021-12-07T11:32:49","modified_gmt":"2021-12-07T17:32:49","slug":"siempre-esta-el-miedo-a-que-no-me-salga","status":"publish","type":"post","link":"https:\/\/tejiendoamigurumis.com\/miembro\/siempre-esta-el-miedo-a-que-no-me-salga\/","title":{"rendered":"Siempre esta el miedo a que no me salga"},"content":{"rendered":"<p>[et_pb_section fb_built=\u00bb1&#8243; _builder_version=\u00bb3.22&#8243;][et_pb_row _builder_version=\u00bb3.25&#8243; background_size=\u00bbinitial\u00bb background_position=\u00bbtop_left\u00bb background_repeat=\u00bbrepeat\u00bb][et_pb_column type=\u00bb4_4&#8243; _builder_version=\u00bb3.25&#8243; custom_padding=\u00bb|||\u00bb custom_padding__hover=\u00bb|||\u00bb][et_pb_text _builder_version=\u00bb4.9.10&#8243; background_size=\u00bbinitial\u00bb background_position=\u00bbtop_left\u00bb background_repeat=\u00bbrepeat\u00bb hover_enabled=\u00bb0&#8243; z_index_tablet=\u00bb500&#8243; sticky_enabled=\u00bb0&#8243;]<\/p>\n<p>Quiero compartirles a trav\u00e9s de esta entrada, algo que va m\u00e1s all\u00e1 de una cuesti\u00f3n t\u00e9cnica, porque es importante tomar en cuenta la parte mas humana en el proceso de realizar cualquier oficio art\u00edstico. Siempre esta esa cosquillita interna cada vez que comienzas un proyecto a preguntarte a ti mismo, y \u00bfsi no me sale?<\/p>\n<p>Es totalmente normal que cada vez que tienes un reto sientas esa incertidumbre de que ese trabajo que realizar\u00e1s quiz\u00e1 y tiene una probabilidad de que no salga exactamente como lo tienes pensado.<\/p>\n<p>Sin embargo, solo hay una manera de afrontar ese sentimiento, es \u00a1simplemente haci\u00e9ndolo! Es importante que si, cada uno de nosotros nos exijamos en cada momento el perfeccionar nuestra t\u00e9cnica y nuestra pr\u00e1ctica y en la medida de ponernos retos en que nos exigimos en cada uno de los trabajos que hacemos lograremos no necesariamente vencerlos, pero si, cada d\u00eda nos har\u00e1 mejor en lo que hacemos y esto no solo aplica en la realizaci\u00f3n de mu\u00f1equitos o en una actividad art\u00edstica, esto tambi\u00e9n aplica en cualquier cosa que se decidan a realizar.<\/p>\n<p>Una cuesti\u00f3n que, si es importante, observa lo que haces, cada uno de los pasos, analiza c\u00f3mo lo haces y en la medida en que en el resultado encuentres un error, solo analizando c\u00f3mo llegaste a ese resultado es como vas a llegar a redireccionar la forma en que realizas las cosas, y obviamente llegar a lo perfectible.<\/p>\n<p>Siempre, vas a encontrar que hay un punto de mejora, puede ser en el tiempo en que realizas cada paso, puede ser en que tan creativo eres para lograr el resultado, puede ser en que sea mucho m\u00e1s econ\u00f3mico la realizaci\u00f3n de una figura para obtener mejores utilidades.<\/p>\n<p>Cada una de estas cuestiones, ser\u00e1 un punto de mejora para ustedes y adem\u00e1s esto les ayudar\u00e1 en sus procesos mentales, eso que quiere decir, que en la medida en que seamos mas anal\u00edticos con lo que hacemos, estamos forzando a nuestra mente a realizar las cosas con nuevas formas, con creatividad, utilizando diferentes procesos para llegar el mismo resultado.<\/p>\n<p>Precisamente por ello la entrada que hice anteriormente donde invito a que tratemos de pasar a las nuevas generaciones este tipo de actividades, puesto que les ense\u00f1aremos a llegar a solucionar cualquier tipo de problema con procesos anal\u00edticos y diferentes formas creativas de llegar a un resultado en donde principalmente ellos se sientan satisfechos.<\/p>\n<p>Les dejamos la liga a nuestro sitio, para inscribirte en el curso on line: <a href=\"https:\/\/tejiendoamigurumis.com\/miembro\/cursos\/\">https:\/\/tejiendoamigurumis.com\/miembro\/cursos\/<\/a><\/p>\n<p>D\u00e9janos un comentario o escr\u00edbenos a nuestro correo:\u00a0<a href=\"mailto:contacto@tejiendoamigurumis.com\">contacto@tejiendoamigurumis.com<\/a><\/p>\n<p>Tambi\u00e9n s\u00edguenos en nuestro canal:\u00a0<a href=\"https:\/\/www.youtube.com\/c\/TejiendoAmigurumis\">https:\/\/www.youtube.com\/c\/TejiendoAmigurumis<\/a><\/p>\n<p>[\/et_pb_text][\/et_pb_column][\/et_pb_row][\/et_pb_section]<\/p>\n","protected":false},"excerpt":{"rendered":"<p>Quiero compartirles a trav\u00e9s de esta entrada, algo que va m\u00e1s all\u00e1 de una cuesti\u00f3n t\u00e9cnica, porque es importante tomar en cuenta la parte mas humana en el proceso de realizar cualquier oficio art\u00edstico. Siempre esta esa cosquillita interna cada vez que comienzas un proyecto a preguntarte a ti mismo, y \u00bfsi no me sale? [&hellip;]<\/p>\n","protected":false},"author":22,"featured_media":2266,"comment_status":"open","ping_status":"open","sticky":false,"template":"","format":"standard","meta":{"_et_pb_use_builder":"on","_et_pb_old_content":"<p>[et_pb_section bb_built=\"1\"][et_pb_row][et_pb_column type=\"4_4\"][et_pb_text \/][\/et_pb_column][\/et_pb_row][\/et_pb_section]<\/p>","_et_gb_content_width":"","pmpro_default_level":"","footnotes":""},"categories":[16],"tags":[36,37,30,38],"class_list":["post-2262","post","type-post","status-publish","format-standard","has-post-thumbnail","hentry","category-blog","tag-amigurumis","tag-miedo","tag-patrones","tag-patronesamigurumis","pmpro-has-access"],"yoast_head":"<!-- This site is optimized with the Yoast SEO plugin v27.4 - https:\/\/yoast.com\/product\/yoast-seo-wordpress\/ -->\n<title>Siempre esta el miedo a que no me salga - Tejiendo Amigurumis<\/title>\n<meta name=\"robots\" content=\"index, follow, max-snippet:-1, max-image-preview:large, max-video-preview:-1\" \/>\n<link rel=\"canonical\" href=\"https:\/\/tejiendoamigurumis.com\/miembro\/siempre-esta-el-miedo-a-que-no-me-salga\/\" \/>\n<meta property=\"og:locale\" content=\"es_ES\" \/>\n<meta property=\"og:type\" content=\"article\" \/>\n<meta property=\"og:title\" content=\"Siempre esta el miedo a que no me salga - Tejiendo Amigurumis\" \/>\n<meta property=\"og:description\" content=\"Quiero compartirles a trav\u00e9s de esta entrada, algo que va m\u00e1s all\u00e1 de una cuesti\u00f3n t\u00e9cnica, porque es importante tomar en cuenta la parte mas humana en el proceso de realizar cualquier oficio art\u00edstico. Siempre esta esa cosquillita interna cada vez que comienzas un proyecto a preguntarte a ti mismo, y \u00bfsi no me sale? [&hellip;]\" \/>\n<meta property=\"og:url\" content=\"https:\/\/tejiendoamigurumis.com\/miembro\/siempre-esta-el-miedo-a-que-no-me-salga\/\" \/>\n<meta property=\"og:site_name\" content=\"Tejiendo Amigurumis\" \/>\n<meta property=\"article:publisher\" content=\"https:\/\/www.facebook.com\/tejiendolosamigurumis\" \/>\n<meta property=\"article:published_time\" content=\"2021-01-04T15:07:12+00:00\" \/>\n<meta property=\"article:modified_time\" content=\"2021-12-07T17:32:49+00:00\" \/>\n<meta property=\"og:image\" content=\"https:\/\/tejiendoamigurumis.com\/miembro\/wp-content\/uploads\/2020\/03\/miedoAmigurumis.jpg\" \/>\n\t<meta property=\"og:image:width\" content=\"500\" \/>\n\t<meta property=\"og:image:height\" content=\"282\" \/>\n\t<meta property=\"og:image:type\" content=\"image\/jpeg\" \/>\n<meta name=\"author\" content=\"Marisol Saenz\" \/>\n<meta name=\"twitter:card\" content=\"summary_large_image\" \/>\n<meta name=\"twitter:creator\" content=\"@TejeAmigurumis\" \/>\n<meta name=\"twitter:site\" content=\"@TejeAmigurumis\" \/>\n<meta name=\"twitter:label1\" content=\"Escrito por\" \/>\n\t<meta name=\"twitter:data1\" content=\"Marisol Saenz\" \/>\n\t<meta name=\"twitter:label2\" content=\"Tiempo de lectura\" \/>\n\t<meta name=\"twitter:data2\" content=\"3 minutos\" \/>\n<script type=\"application\/ld+json\" class=\"yoast-schema-graph\">{\"@context\":\"https:\\\/\\\/schema.org\",\"@graph\":[{\"@type\":\"Article\",\"@id\":\"https:\\\/\\\/tejiendoamigurumis.com\\\/miembro\\\/siempre-esta-el-miedo-a-que-no-me-salga\\\/#article\",\"isPartOf\":{\"@id\":\"https:\\\/\\\/tejiendoamigurumis.com\\\/miembro\\\/siempre-esta-el-miedo-a-que-no-me-salga\\\/\"},\"author\":{\"name\":\"Marisol Saenz\",\"@id\":\"https:\\\/\\\/tejiendoamigurumis.com\\\/miembro\\\/#\\\/schema\\\/person\\\/420e593d98c521c7a35e4f8415d04b64\"},\"headline\":\"Siempre esta el miedo a que no me salga\",\"datePublished\":\"2021-01-04T15:07:12+00:00\",\"dateModified\":\"2021-12-07T17:32:49+00:00\",\"mainEntityOfPage\":{\"@id\":\"https:\\\/\\\/tejiendoamigurumis.com\\\/miembro\\\/siempre-esta-el-miedo-a-que-no-me-salga\\\/\"},\"wordCount\":546,\"commentCount\":0,\"publisher\":{\"@id\":\"https:\\\/\\\/tejiendoamigurumis.com\\\/miembro\\\/#organization\"},\"image\":{\"@id\":\"https:\\\/\\\/tejiendoamigurumis.com\\\/miembro\\\/siempre-esta-el-miedo-a-que-no-me-salga\\\/#primaryimage\"},\"thumbnailUrl\":\"https:\\\/\\\/tejiendoamigurumis.com\\\/miembro\\\/wp-content\\\/uploads\\\/2020\\\/03\\\/miedoAmigurumis.jpg\",\"keywords\":[\"amigurumis\",\"miedo\",\"patrones\",\"patronesamigurumis\"],\"articleSection\":[\"Blog\"],\"inLanguage\":\"es\",\"potentialAction\":[{\"@type\":\"CommentAction\",\"name\":\"Comment\",\"target\":[\"https:\\\/\\\/tejiendoamigurumis.com\\\/miembro\\\/siempre-esta-el-miedo-a-que-no-me-salga\\\/#respond\"]}]},{\"@type\":\"WebPage\",\"@id\":\"https:\\\/\\\/tejiendoamigurumis.com\\\/miembro\\\/siempre-esta-el-miedo-a-que-no-me-salga\\\/\",\"url\":\"https:\\\/\\\/tejiendoamigurumis.com\\\/miembro\\\/siempre-esta-el-miedo-a-que-no-me-salga\\\/\",\"name\":\"Siempre esta el miedo a que no me salga - Tejiendo Amigurumis\",\"isPartOf\":{\"@id\":\"https:\\\/\\\/tejiendoamigurumis.com\\\/miembro\\\/#website\"},\"primaryImageOfPage\":{\"@id\":\"https:\\\/\\\/tejiendoamigurumis.com\\\/miembro\\\/siempre-esta-el-miedo-a-que-no-me-salga\\\/#primaryimage\"},\"image\":{\"@id\":\"https:\\\/\\\/tejiendoamigurumis.com\\\/miembro\\\/siempre-esta-el-miedo-a-que-no-me-salga\\\/#primaryimage\"},\"thumbnailUrl\":\"https:\\\/\\\/tejiendoamigurumis.com\\\/miembro\\\/wp-content\\\/uploads\\\/2020\\\/03\\\/miedoAmigurumis.jpg\",\"datePublished\":\"2021-01-04T15:07:12+00:00\",\"dateModified\":\"2021-12-07T17:32:49+00:00\",\"breadcrumb\":{\"@id\":\"https:\\\/\\\/tejiendoamigurumis.com\\\/miembro\\\/siempre-esta-el-miedo-a-que-no-me-salga\\\/#breadcrumb\"},\"inLanguage\":\"es\",\"potentialAction\":[{\"@type\":\"ReadAction\",\"target\":[\"https:\\\/\\\/tejiendoamigurumis.com\\\/miembro\\\/siempre-esta-el-miedo-a-que-no-me-salga\\\/\"]}]},{\"@type\":\"ImageObject\",\"inLanguage\":\"es\",\"@id\":\"https:\\\/\\\/tejiendoamigurumis.com\\\/miembro\\\/siempre-esta-el-miedo-a-que-no-me-salga\\\/#primaryimage\",\"url\":\"https:\\\/\\\/tejiendoamigurumis.com\\\/miembro\\\/wp-content\\\/uploads\\\/2020\\\/03\\\/miedoAmigurumis.jpg\",\"contentUrl\":\"https:\\\/\\\/tejiendoamigurumis.com\\\/miembro\\\/wp-content\\\/uploads\\\/2020\\\/03\\\/miedoAmigurumis.jpg\",\"width\":500,\"height\":282},{\"@type\":\"BreadcrumbList\",\"@id\":\"https:\\\/\\\/tejiendoamigurumis.com\\\/miembro\\\/siempre-esta-el-miedo-a-que-no-me-salga\\\/#breadcrumb\",\"itemListElement\":[{\"@type\":\"ListItem\",\"position\":1,\"name\":\"Portada\",\"item\":\"https:\\\/\\\/tejiendoamigurumis.com\\\/miembro\\\/\"},{\"@type\":\"ListItem\",\"position\":2,\"name\":\"Siempre esta el miedo a que no me salga\"}]},{\"@type\":\"WebSite\",\"@id\":\"https:\\\/\\\/tejiendoamigurumis.com\\\/miembro\\\/#website\",\"url\":\"https:\\\/\\\/tejiendoamigurumis.com\\\/miembro\\\/\",\"name\":\"Tejiendo Amigurumis\",\"description\":\"Sitio para miembros\",\"publisher\":{\"@id\":\"https:\\\/\\\/tejiendoamigurumis.com\\\/miembro\\\/#organization\"},\"potentialAction\":[{\"@type\":\"SearchAction\",\"target\":{\"@type\":\"EntryPoint\",\"urlTemplate\":\"https:\\\/\\\/tejiendoamigurumis.com\\\/miembro\\\/?s={search_term_string}\"},\"query-input\":{\"@type\":\"PropertyValueSpecification\",\"valueRequired\":true,\"valueName\":\"search_term_string\"}}],\"inLanguage\":\"es\"},{\"@type\":\"Organization\",\"@id\":\"https:\\\/\\\/tejiendoamigurumis.com\\\/miembro\\\/#organization\",\"name\":\"Tejiendo Amigurumis\",\"url\":\"https:\\\/\\\/tejiendoamigurumis.com\\\/miembro\\\/\",\"logo\":{\"@type\":\"ImageObject\",\"inLanguage\":\"es\",\"@id\":\"https:\\\/\\\/tejiendoamigurumis.com\\\/miembro\\\/#\\\/schema\\\/logo\\\/image\\\/\",\"url\":\"https:\\\/\\\/tejiendoamigurumis.com\\\/miembro\\\/wp-content\\\/uploads\\\/2016\\\/12\\\/LogoHD-1sml.png\",\"contentUrl\":\"https:\\\/\\\/tejiendoamigurumis.com\\\/miembro\\\/wp-content\\\/uploads\\\/2016\\\/12\\\/LogoHD-1sml.png\",\"width\":400,\"height\":188,\"caption\":\"Tejiendo Amigurumis\"},\"image\":{\"@id\":\"https:\\\/\\\/tejiendoamigurumis.com\\\/miembro\\\/#\\\/schema\\\/logo\\\/image\\\/\"},\"sameAs\":[\"https:\\\/\\\/www.facebook.com\\\/tejiendolosamigurumis\",\"https:\\\/\\\/x.com\\\/TejeAmigurumis\",\"https:\\\/\\\/www.linkedin.com\\\/in\\\/marisol-saenz-02796029\\\/\",\"https:\\\/\\\/www.youtube.com\\\/@TejiendoAmigurumis\",\"https:\\\/\\\/mx.pinterest.com\\\/MarisolSaenz11\\\/\",\"https:\\\/\\\/www.instagram.com\\\/tejiendoamigurumis\\\/\",\"https:\\\/\\\/web.telegram.org\\\/a\\\/#-1001224398166\"]},{\"@type\":\"Person\",\"@id\":\"https:\\\/\\\/tejiendoamigurumis.com\\\/miembro\\\/#\\\/schema\\\/person\\\/420e593d98c521c7a35e4f8415d04b64\",\"name\":\"Marisol Saenz\",\"image\":{\"@type\":\"ImageObject\",\"inLanguage\":\"es\",\"@id\":\"https:\\\/\\\/secure.gravatar.com\\\/avatar\\\/100e96e23ad9914b49b61a1199fcf756bd738bdb09045462f18365f6637aa926?s=96&d=mm&r=g\",\"url\":\"https:\\\/\\\/secure.gravatar.com\\\/avatar\\\/100e96e23ad9914b49b61a1199fcf756bd738bdb09045462f18365f6637aa926?s=96&d=mm&r=g\",\"contentUrl\":\"https:\\\/\\\/secure.gravatar.com\\\/avatar\\\/100e96e23ad9914b49b61a1199fcf756bd738bdb09045462f18365f6637aa926?s=96&d=mm&r=g\",\"caption\":\"Marisol Saenz\"},\"url\":\"https:\\\/\\\/tejiendoamigurumis.com\\\/miembro\\\/author\\\/marisolsaenz\\\/\"}]}<\/script>\n<!-- \/ Yoast SEO plugin. -->","yoast_head_json":{"title":"Siempre esta el miedo a que no me salga - Tejiendo Amigurumis","robots":{"index":"index","follow":"follow","max-snippet":"max-snippet:-1","max-image-preview":"max-image-preview:large","max-video-preview":"max-video-preview:-1"},"canonical":"https:\/\/tejiendoamigurumis.com\/miembro\/siempre-esta-el-miedo-a-que-no-me-salga\/","og_locale":"es_ES","og_type":"article","og_title":"Siempre esta el miedo a que no me salga - Tejiendo Amigurumis","og_description":"Quiero compartirles a trav\u00e9s de esta entrada, algo que va m\u00e1s all\u00e1 de una cuesti\u00f3n t\u00e9cnica, porque es importante tomar en cuenta la parte mas humana en el proceso de realizar cualquier oficio art\u00edstico. Siempre esta esa cosquillita interna cada vez que comienzas un proyecto a preguntarte a ti mismo, y \u00bfsi no me sale? [&hellip;]","og_url":"https:\/\/tejiendoamigurumis.com\/miembro\/siempre-esta-el-miedo-a-que-no-me-salga\/","og_site_name":"Tejiendo Amigurumis","article_publisher":"https:\/\/www.facebook.com\/tejiendolosamigurumis","article_published_time":"2021-01-04T15:07:12+00:00","article_modified_time":"2021-12-07T17:32:49+00:00","og_image":[{"width":500,"height":282,"url":"https:\/\/tejiendoamigurumis.com\/miembro\/wp-content\/uploads\/2020\/03\/miedoAmigurumis.jpg","type":"image\/jpeg"}],"author":"Marisol Saenz","twitter_card":"summary_large_image","twitter_creator":"@TejeAmigurumis","twitter_site":"@TejeAmigurumis","twitter_misc":{"Escrito por":"Marisol Saenz","Tiempo de lectura":"3 minutos"},"schema":{"@context":"https:\/\/schema.org","@graph":[{"@type":"Article","@id":"https:\/\/tejiendoamigurumis.com\/miembro\/siempre-esta-el-miedo-a-que-no-me-salga\/#article","isPartOf":{"@id":"https:\/\/tejiendoamigurumis.com\/miembro\/siempre-esta-el-miedo-a-que-no-me-salga\/"},"author":{"name":"Marisol Saenz","@id":"https:\/\/tejiendoamigurumis.com\/miembro\/#\/schema\/person\/420e593d98c521c7a35e4f8415d04b64"},"headline":"Siempre esta el miedo a que no me salga","datePublished":"2021-01-04T15:07:12+00:00","dateModified":"2021-12-07T17:32:49+00:00","mainEntityOfPage":{"@id":"https:\/\/tejiendoamigurumis.com\/miembro\/siempre-esta-el-miedo-a-que-no-me-salga\/"},"wordCount":546,"commentCount":0,"publisher":{"@id":"https:\/\/tejiendoamigurumis.com\/miembro\/#organization"},"image":{"@id":"https:\/\/tejiendoamigurumis.com\/miembro\/siempre-esta-el-miedo-a-que-no-me-salga\/#primaryimage"},"thumbnailUrl":"https:\/\/tejiendoamigurumis.com\/miembro\/wp-content\/uploads\/2020\/03\/miedoAmigurumis.jpg","keywords":["amigurumis","miedo","patrones","patronesamigurumis"],"articleSection":["Blog"],"inLanguage":"es","potentialAction":[{"@type":"CommentAction","name":"Comment","target":["https:\/\/tejiendoamigurumis.com\/miembro\/siempre-esta-el-miedo-a-que-no-me-salga\/#respond"]}]},{"@type":"WebPage","@id":"https:\/\/tejiendoamigurumis.com\/miembro\/siempre-esta-el-miedo-a-que-no-me-salga\/","url":"https:\/\/tejiendoamigurumis.com\/miembro\/siempre-esta-el-miedo-a-que-no-me-salga\/","name":"Siempre esta el miedo a que no me salga - Tejiendo Amigurumis","isPartOf":{"@id":"https:\/\/tejiendoamigurumis.com\/miembro\/#website"},"primaryImageOfPage":{"@id":"https:\/\/tejiendoamigurumis.com\/miembro\/siempre-esta-el-miedo-a-que-no-me-salga\/#primaryimage"},"image":{"@id":"https:\/\/tejiendoamigurumis.com\/miembro\/siempre-esta-el-miedo-a-que-no-me-salga\/#primaryimage"},"thumbnailUrl":"https:\/\/tejiendoamigurumis.com\/miembro\/wp-content\/uploads\/2020\/03\/miedoAmigurumis.jpg","datePublished":"2021-01-04T15:07:12+00:00","dateModified":"2021-12-07T17:32:49+00:00","breadcrumb":{"@id":"https:\/\/tejiendoamigurumis.com\/miembro\/siempre-esta-el-miedo-a-que-no-me-salga\/#breadcrumb"},"inLanguage":"es","potentialAction":[{"@type":"ReadAction","target":["https:\/\/tejiendoamigurumis.com\/miembro\/siempre-esta-el-miedo-a-que-no-me-salga\/"]}]},{"@type":"ImageObject","inLanguage":"es","@id":"https:\/\/tejiendoamigurumis.com\/miembro\/siempre-esta-el-miedo-a-que-no-me-salga\/#primaryimage","url":"https:\/\/tejiendoamigurumis.com\/miembro\/wp-content\/uploads\/2020\/03\/miedoAmigurumis.jpg","contentUrl":"https:\/\/tejiendoamigurumis.com\/miembro\/wp-content\/uploads\/2020\/03\/miedoAmigurumis.jpg","width":500,"height":282},{"@type":"BreadcrumbList","@id":"https:\/\/tejiendoamigurumis.com\/miembro\/siempre-esta-el-miedo-a-que-no-me-salga\/#breadcrumb","itemListElement":[{"@type":"ListItem","position":1,"name":"Portada","item":"https:\/\/tejiendoamigurumis.com\/miembro\/"},{"@type":"ListItem","position":2,"name":"Siempre esta el miedo a que no me salga"}]},{"@type":"WebSite","@id":"https:\/\/tejiendoamigurumis.com\/miembro\/#website","url":"https:\/\/tejiendoamigurumis.com\/miembro\/","name":"Tejiendo Amigurumis","description":"Sitio para miembros","publisher":{"@id":"https:\/\/tejiendoamigurumis.com\/miembro\/#organization"},"potentialAction":[{"@type":"SearchAction","target":{"@type":"EntryPoint","urlTemplate":"https:\/\/tejiendoamigurumis.com\/miembro\/?s={search_term_string}"},"query-input":{"@type":"PropertyValueSpecification","valueRequired":true,"valueName":"search_term_string"}}],"inLanguage":"es"},{"@type":"Organization","@id":"https:\/\/tejiendoamigurumis.com\/miembro\/#organization","name":"Tejiendo Amigurumis","url":"https:\/\/tejiendoamigurumis.com\/miembro\/","logo":{"@type":"ImageObject","inLanguage":"es","@id":"https:\/\/tejiendoamigurumis.com\/miembro\/#\/schema\/logo\/image\/","url":"https:\/\/tejiendoamigurumis.com\/miembro\/wp-content\/uploads\/2016\/12\/LogoHD-1sml.png","contentUrl":"https:\/\/tejiendoamigurumis.com\/miembro\/wp-content\/uploads\/2016\/12\/LogoHD-1sml.png","width":400,"height":188,"caption":"Tejiendo Amigurumis"},"image":{"@id":"https:\/\/tejiendoamigurumis.com\/miembro\/#\/schema\/logo\/image\/"},"sameAs":["https:\/\/www.facebook.com\/tejiendolosamigurumis","https:\/\/x.com\/TejeAmigurumis","https:\/\/www.linkedin.com\/in\/marisol-saenz-02796029\/","https:\/\/www.youtube.com\/@TejiendoAmigurumis","https:\/\/mx.pinterest.com\/MarisolSaenz11\/","https:\/\/www.instagram.com\/tejiendoamigurumis\/","https:\/\/web.telegram.org\/a\/#-1001224398166"]},{"@type":"Person","@id":"https:\/\/tejiendoamigurumis.com\/miembro\/#\/schema\/person\/420e593d98c521c7a35e4f8415d04b64","name":"Marisol Saenz","image":{"@type":"ImageObject","inLanguage":"es","@id":"https:\/\/secure.gravatar.com\/avatar\/100e96e23ad9914b49b61a1199fcf756bd738bdb09045462f18365f6637aa926?s=96&d=mm&r=g","url":"https:\/\/secure.gravatar.com\/avatar\/100e96e23ad9914b49b61a1199fcf756bd738bdb09045462f18365f6637aa926?s=96&d=mm&r=g","contentUrl":"https:\/\/secure.gravatar.com\/avatar\/100e96e23ad9914b49b61a1199fcf756bd738bdb09045462f18365f6637aa926?s=96&d=mm&r=g","caption":"Marisol Saenz"},"url":"https:\/\/tejiendoamigurumis.com\/miembro\/author\/marisolsaenz\/"}]}},"jetpack_featured_media_url":"https:\/\/tejiendoamigurumis.com\/miembro\/wp-content\/uploads\/2020\/03\/miedoAmigurumis.jpg","_links":{"self":[{"href":"https:\/\/tejiendoamigurumis.com\/miembro\/wp-json\/wp\/v2\/posts\/2262","targetHints":{"allow":["GET"]}}],"collection":[{"href":"https:\/\/tejiendoamigurumis.com\/miembro\/wp-json\/wp\/v2\/posts"}],"about":[{"href":"https:\/\/tejiendoamigurumis.com\/miembro\/wp-json\/wp\/v2\/types\/post"}],"author":[{"embeddable":true,"href":"https:\/\/tejiendoamigurumis.com\/miembro\/wp-json\/wp\/v2\/users\/22"}],"replies":[{"embeddable":true,"href":"https:\/\/tejiendoamigurumis.com\/miembro\/wp-json\/wp\/v2\/comments?post=2262"}],"version-history":[{"count":3,"href":"https:\/\/tejiendoamigurumis.com\/miembro\/wp-json\/wp\/v2\/posts\/2262\/revisions"}],"predecessor-version":[{"id":3307,"href":"https:\/\/tejiendoamigurumis.com\/miembro\/wp-json\/wp\/v2\/posts\/2262\/revisions\/3307"}],"wp:featuredmedia":[{"embeddable":true,"href":"https:\/\/tejiendoamigurumis.com\/miembro\/wp-json\/wp\/v2\/media\/2266"}],"wp:attachment":[{"href":"https:\/\/tejiendoamigurumis.com\/miembro\/wp-json\/wp\/v2\/media?parent=2262"}],"wp:term":[{"taxonomy":"category","embeddable":true,"href":"https:\/\/tejiendoamigurumis.com\/miembro\/wp-json\/wp\/v2\/categories?post=2262"},{"taxonomy":"post_tag","embeddable":true,"href":"https:\/\/tejiendoamigurumis.com\/miembro\/wp-json\/wp\/v2\/tags?post=2262"}],"curies":[{"name":"wp","href":"https:\/\/api.w.org\/{rel}","templated":true}]}}