{"id":2173,"date":"2019-07-11T09:08:23","date_gmt":"2019-07-11T15:08:23","guid":{"rendered":"https:\/\/tejiendoamigurumis.com\/miembro\/?p=2173"},"modified":"2019-07-11T09:11:49","modified_gmt":"2019-07-11T15:11:49","slug":"promocion-tejiendo-en-verano","status":"publish","type":"post","link":"https:\/\/tejiendoamigurumis.com\/miembro\/promocion-tejiendo-en-verano\/","title":{"rendered":"PROMOCI\u00d3N Tejiendo en Verano"},"content":{"rendered":"<p>[et_pb_section bb_built=\u00bb1&#8243; inner_width=\u00bbauto\u00bb inner_max_width=\u00bbnone\u00bb][et_pb_row][et_pb_column type=\u00bb4_4&#8243;][et_pb_image _builder_version=\u00bb3.22.7&#8243; src=\u00bbhttps:\/\/tejiendoamigurumis.com\/miembro\/wp-content\/uploads\/2019\/07\/DescuentoVerano50.jpg\u00bb z_index_tablet=\u00bb500&#8243; align=\u00bbcenter\u00bb \/][et_pb_text _builder_version=\u00bb3.22.7&#8243; text_text_shadow_horizontal_length=\u00bbtext_text_shadow_style,%91object Object%93&#8243; text_text_shadow_vertical_length=\u00bbtext_text_shadow_style,%91object Object%93&#8243; text_text_shadow_blur_strength=\u00bbtext_text_shadow_style,%91object Object%93&#8243; link_text_shadow_horizontal_length=\u00bblink_text_shadow_style,%91object Object%93&#8243; link_text_shadow_vertical_length=\u00bblink_text_shadow_style,%91object Object%93&#8243; link_text_shadow_blur_strength=\u00bblink_text_shadow_style,%91object Object%93&#8243; ul_text_shadow_horizontal_length=\u00bbul_text_shadow_style,%91object Object%93&#8243; ul_text_shadow_vertical_length=\u00bbul_text_shadow_style,%91object Object%93&#8243; ul_text_shadow_blur_strength=\u00bbul_text_shadow_style,%91object Object%93&#8243; ol_text_shadow_horizontal_length=\u00bbol_text_shadow_style,%91object Object%93&#8243; ol_text_shadow_vertical_length=\u00bbol_text_shadow_style,%91object Object%93&#8243; ol_text_shadow_blur_strength=\u00bbol_text_shadow_style,%91object Object%93&#8243; quote_text_shadow_horizontal_length=\u00bbquote_text_shadow_style,%91object Object%93&#8243; quote_text_shadow_vertical_length=\u00bbquote_text_shadow_style,%91object Object%93&#8243; quote_text_shadow_blur_strength=\u00bbquote_text_shadow_style,%91object Object%93&#8243; header_text_shadow_horizontal_length=\u00bbheader_text_shadow_style,%91object Object%93&#8243; header_text_shadow_vertical_length=\u00bbheader_text_shadow_style,%91object Object%93&#8243; header_text_shadow_blur_strength=\u00bbheader_text_shadow_style,%91object Object%93&#8243; header_2_text_shadow_horizontal_length=\u00bbheader_2_text_shadow_style,%91object Object%93&#8243; header_2_text_shadow_vertical_length=\u00bbheader_2_text_shadow_style,%91object Object%93&#8243; header_2_text_shadow_blur_strength=\u00bbheader_2_text_shadow_style,%91object Object%93&#8243; header_3_text_shadow_horizontal_length=\u00bbheader_3_text_shadow_style,%91object Object%93&#8243; header_3_text_shadow_vertical_length=\u00bbheader_3_text_shadow_style,%91object Object%93&#8243; header_3_text_shadow_blur_strength=\u00bbheader_3_text_shadow_style,%91object Object%93&#8243; header_4_text_shadow_horizontal_length=\u00bbheader_4_text_shadow_style,%91object Object%93&#8243; header_4_text_shadow_vertical_length=\u00bbheader_4_text_shadow_style,%91object Object%93&#8243; header_4_text_shadow_blur_strength=\u00bbheader_4_text_shadow_style,%91object Object%93&#8243; header_5_text_shadow_horizontal_length=\u00bbheader_5_text_shadow_style,%91object Object%93&#8243; header_5_text_shadow_vertical_length=\u00bbheader_5_text_shadow_style,%91object Object%93&#8243; header_5_text_shadow_blur_strength=\u00bbheader_5_text_shadow_style,%91object Object%93&#8243; header_6_text_shadow_horizontal_length=\u00bbheader_6_text_shadow_style,%91object Object%93&#8243; header_6_text_shadow_vertical_length=\u00bbheader_6_text_shadow_style,%91object Object%93&#8243; header_6_text_shadow_blur_strength=\u00bbheader_6_text_shadow_style,%91object Object%93&#8243; z_index_tablet=\u00bb500&#8243;]<\/p>\n<p>Amigos, en este verano, los invitamos a tejer, tenemos una gran promoci\u00f3n en Julio y Agosto de 2019. 50% de descuento para adquirir tu curso para aprender a realizar lindos y creativos amigurumis. Recuerda que en nuestro sitio podr\u00e1s encontrar, por tu pago, un curso que puedes realizar en la comodidad de tu casa, en los horarios que tu puedas y tendr\u00e1s acceso por todo un a\u00f1o para distribuir tu tiempo. Tienes adem\u00e1s 7 patrones descargables de nuestros varios dise\u00f1os originales, tienes la oportunidad de resolver tus dudas con clases grabadas y la oportunidad de que se te resuelvan las dudas en todos nuestros medios de contacto. Adem\u00e1s recibir\u00e1s un reconocimiento f\u00edsico y digital una vez terminando y evaluado tus conocimientos, se hace difusi\u00f3n de tu trabajo a trav\u00e9s de nuestro blog y redes sociales.<\/p>\n<p>An\u00edmate y aprovecha este verano para hacer tus propias creaciones y tu propio negocio de manualidades a trav\u00e9s de realizar lindos mu\u00f1equitos amigurumi!!!!<\/p>\n<p>El costo en usd 35.50, en pesos mxn 750.00 recuerda que el pago es en efectivo v\u00eda, tiendas oxxo o bien deposito en cuenta.<\/p>\n<p>Escr\u00edbenos: contacto@tejiendoamigurumis.com<\/p>\n<p>Les recordamos que seguimos adem\u00e1s con la promoci\u00f3n que ofrece el sistema de paypal para tarjetas mexicanas donde la cuota de inscripci\u00f3n al curso la puedes diferir hasta 12 meses sin intereses (precio normal $79.00usd \/ $1,500.00mxn).<\/p>\n<p>&nbsp;<\/p>\n<p>&nbsp;<\/p>\n<p>[\/et_pb_text][et_pb_image _builder_version=\u00bb3.22.7&#8243; src=\u00bbhttps:\/\/tejiendoamigurumis.com\/miembro\/wp-content\/uploads\/2019\/01\/Captura-de-pantalla-2017-09-19-a-las-3.18.10-p.m..png\u00bb z_index_tablet=\u00bb500&#8243; \/][\/et_pb_column][\/et_pb_row][\/et_pb_section]<\/p>\n","protected":false},"excerpt":{"rendered":"<p><div class=\"et_pb_row et_pb_row_0 et_pb_row_empty\">\n\t\t\t\t\n\t\t\t\t\n\t\t\t\t\n\t\t\t\t\n\t\t\t\t\n\t\t\t<\/div> Amigos, en este verano, los invitamos a tejer, tenemos una gran promoci\u00f3n en Julio y Agosto de 2019. 50% de descuento para adquirir tu curso para aprender a realizar lindos y creativos amigurumis. Recuerda que en nuestro sitio podr\u00e1s encontrar, por tu pago, un curso que puedes realizar en la comodidad de tu casa, [&hellip;]<\/p>\n","protected":false},"author":22,"featured_media":2170,"comment_status":"open","ping_status":"open","sticky":false,"template":"","format":"standard","meta":{"_et_pb_use_builder":"on","_et_pb_old_content":"","_et_gb_content_width":"","pmpro_default_level":"","footnotes":""},"categories":[16],"tags":[],"class_list":["post-2173","post","type-post","status-publish","format-standard","has-post-thumbnail","hentry","category-blog","pmpro-has-access"],"yoast_head":"<!-- This site is optimized with the Yoast SEO plugin v27.4 - https:\/\/yoast.com\/product\/yoast-seo-wordpress\/ -->\n<title>PROMOCI\u00d3N Tejiendo en Verano - Tejiendo Amigurumis<\/title>\n<meta name=\"robots\" content=\"index, follow, max-snippet:-1, max-image-preview:large, max-video-preview:-1\" \/>\n<link rel=\"canonical\" href=\"https:\/\/tejiendoamigurumis.com\/miembro\/promocion-tejiendo-en-verano\/\" \/>\n<meta property=\"og:locale\" content=\"es_ES\" \/>\n<meta property=\"og:type\" content=\"article\" \/>\n<meta property=\"og:title\" content=\"PROMOCI\u00d3N Tejiendo en Verano - Tejiendo Amigurumis\" \/>\n<meta property=\"og:description\" content=\"Amigos, en este verano, los invitamos a tejer, tenemos una gran promoci\u00f3n en Julio y Agosto de 2019. 50% de descuento para adquirir tu curso para aprender a realizar lindos y creativos amigurumis. Recuerda que en nuestro sitio podr\u00e1s encontrar, por tu pago, un curso que puedes realizar en la comodidad de tu casa, [&hellip;]\" \/>\n<meta property=\"og:url\" content=\"https:\/\/tejiendoamigurumis.com\/miembro\/promocion-tejiendo-en-verano\/\" \/>\n<meta property=\"og:site_name\" content=\"Tejiendo Amigurumis\" \/>\n<meta property=\"article:publisher\" content=\"https:\/\/www.facebook.com\/tejiendolosamigurumis\" \/>\n<meta property=\"article:published_time\" content=\"2019-07-11T15:08:23+00:00\" \/>\n<meta property=\"article:modified_time\" content=\"2019-07-11T15:11:49+00:00\" \/>\n<meta property=\"og:image\" content=\"https:\/\/tejiendoamigurumis.com\/miembro\/wp-content\/uploads\/2019\/07\/ImagenTejiendoVerano.jpg\" \/>\n\t<meta property=\"og:image:width\" content=\"499\" \/>\n\t<meta property=\"og:image:height\" content=\"284\" \/>\n\t<meta property=\"og:image:type\" content=\"image\/jpeg\" \/>\n<meta name=\"author\" content=\"Marisol Saenz\" \/>\n<meta name=\"twitter:card\" content=\"summary_large_image\" \/>\n<meta name=\"twitter:creator\" content=\"@TejeAmigurumis\" \/>\n<meta name=\"twitter:site\" content=\"@TejeAmigurumis\" \/>\n<meta name=\"twitter:label1\" content=\"Escrito por\" \/>\n\t<meta name=\"twitter:data1\" content=\"Marisol Saenz\" \/>\n\t<meta name=\"twitter:label2\" content=\"Tiempo de lectura\" \/>\n\t<meta name=\"twitter:data2\" content=\"3 minutos\" \/>\n<script type=\"application\/ld+json\" class=\"yoast-schema-graph\">{\"@context\":\"https:\\\/\\\/schema.org\",\"@graph\":[{\"@type\":\"Article\",\"@id\":\"https:\\\/\\\/tejiendoamigurumis.com\\\/miembro\\\/promocion-tejiendo-en-verano\\\/#article\",\"isPartOf\":{\"@id\":\"https:\\\/\\\/tejiendoamigurumis.com\\\/miembro\\\/promocion-tejiendo-en-verano\\\/\"},\"author\":{\"name\":\"Marisol Saenz\",\"@id\":\"https:\\\/\\\/tejiendoamigurumis.com\\\/miembro\\\/#\\\/schema\\\/person\\\/420e593d98c521c7a35e4f8415d04b64\"},\"headline\":\"PROMOCI\u00d3N Tejiendo en Verano\",\"datePublished\":\"2019-07-11T15:08:23+00:00\",\"dateModified\":\"2019-07-11T15:11:49+00:00\",\"mainEntityOfPage\":{\"@id\":\"https:\\\/\\\/tejiendoamigurumis.com\\\/miembro\\\/promocion-tejiendo-en-verano\\\/\"},\"wordCount\":685,\"commentCount\":2,\"publisher\":{\"@id\":\"https:\\\/\\\/tejiendoamigurumis.com\\\/miembro\\\/#organization\"},\"image\":{\"@id\":\"https:\\\/\\\/tejiendoamigurumis.com\\\/miembro\\\/promocion-tejiendo-en-verano\\\/#primaryimage\"},\"thumbnailUrl\":\"https:\\\/\\\/tejiendoamigurumis.com\\\/miembro\\\/wp-content\\\/uploads\\\/2019\\\/07\\\/ImagenTejiendoVerano.jpg\",\"articleSection\":[\"Blog\"],\"inLanguage\":\"es\",\"potentialAction\":[{\"@type\":\"CommentAction\",\"name\":\"Comment\",\"target\":[\"https:\\\/\\\/tejiendoamigurumis.com\\\/miembro\\\/promocion-tejiendo-en-verano\\\/#respond\"]}]},{\"@type\":\"WebPage\",\"@id\":\"https:\\\/\\\/tejiendoamigurumis.com\\\/miembro\\\/promocion-tejiendo-en-verano\\\/\",\"url\":\"https:\\\/\\\/tejiendoamigurumis.com\\\/miembro\\\/promocion-tejiendo-en-verano\\\/\",\"name\":\"PROMOCI\u00d3N Tejiendo en Verano - Tejiendo Amigurumis\",\"isPartOf\":{\"@id\":\"https:\\\/\\\/tejiendoamigurumis.com\\\/miembro\\\/#website\"},\"primaryImageOfPage\":{\"@id\":\"https:\\\/\\\/tejiendoamigurumis.com\\\/miembro\\\/promocion-tejiendo-en-verano\\\/#primaryimage\"},\"image\":{\"@id\":\"https:\\\/\\\/tejiendoamigurumis.com\\\/miembro\\\/promocion-tejiendo-en-verano\\\/#primaryimage\"},\"thumbnailUrl\":\"https:\\\/\\\/tejiendoamigurumis.com\\\/miembro\\\/wp-content\\\/uploads\\\/2019\\\/07\\\/ImagenTejiendoVerano.jpg\",\"datePublished\":\"2019-07-11T15:08:23+00:00\",\"dateModified\":\"2019-07-11T15:11:49+00:00\",\"breadcrumb\":{\"@id\":\"https:\\\/\\\/tejiendoamigurumis.com\\\/miembro\\\/promocion-tejiendo-en-verano\\\/#breadcrumb\"},\"inLanguage\":\"es\",\"potentialAction\":[{\"@type\":\"ReadAction\",\"target\":[\"https:\\\/\\\/tejiendoamigurumis.com\\\/miembro\\\/promocion-tejiendo-en-verano\\\/\"]}]},{\"@type\":\"ImageObject\",\"inLanguage\":\"es\",\"@id\":\"https:\\\/\\\/tejiendoamigurumis.com\\\/miembro\\\/promocion-tejiendo-en-verano\\\/#primaryimage\",\"url\":\"https:\\\/\\\/tejiendoamigurumis.com\\\/miembro\\\/wp-content\\\/uploads\\\/2019\\\/07\\\/ImagenTejiendoVerano.jpg\",\"contentUrl\":\"https:\\\/\\\/tejiendoamigurumis.com\\\/miembro\\\/wp-content\\\/uploads\\\/2019\\\/07\\\/ImagenTejiendoVerano.jpg\",\"width\":499,\"height\":284},{\"@type\":\"BreadcrumbList\",\"@id\":\"https:\\\/\\\/tejiendoamigurumis.com\\\/miembro\\\/promocion-tejiendo-en-verano\\\/#breadcrumb\",\"itemListElement\":[{\"@type\":\"ListItem\",\"position\":1,\"name\":\"Portada\",\"item\":\"https:\\\/\\\/tejiendoamigurumis.com\\\/miembro\\\/\"},{\"@type\":\"ListItem\",\"position\":2,\"name\":\"PROMOCI\u00d3N Tejiendo en Verano\"}]},{\"@type\":\"WebSite\",\"@id\":\"https:\\\/\\\/tejiendoamigurumis.com\\\/miembro\\\/#website\",\"url\":\"https:\\\/\\\/tejiendoamigurumis.com\\\/miembro\\\/\",\"name\":\"Tejiendo Amigurumis\",\"description\":\"Sitio para miembros\",\"publisher\":{\"@id\":\"https:\\\/\\\/tejiendoamigurumis.com\\\/miembro\\\/#organization\"},\"potentialAction\":[{\"@type\":\"SearchAction\",\"target\":{\"@type\":\"EntryPoint\",\"urlTemplate\":\"https:\\\/\\\/tejiendoamigurumis.com\\\/miembro\\\/?s={search_term_string}\"},\"query-input\":{\"@type\":\"PropertyValueSpecification\",\"valueRequired\":true,\"valueName\":\"search_term_string\"}}],\"inLanguage\":\"es\"},{\"@type\":\"Organization\",\"@id\":\"https:\\\/\\\/tejiendoamigurumis.com\\\/miembro\\\/#organization\",\"name\":\"Tejiendo Amigurumis\",\"url\":\"https:\\\/\\\/tejiendoamigurumis.com\\\/miembro\\\/\",\"logo\":{\"@type\":\"ImageObject\",\"inLanguage\":\"es\",\"@id\":\"https:\\\/\\\/tejiendoamigurumis.com\\\/miembro\\\/#\\\/schema\\\/logo\\\/image\\\/\",\"url\":\"https:\\\/\\\/tejiendoamigurumis.com\\\/miembro\\\/wp-content\\\/uploads\\\/2016\\\/12\\\/LogoHD-1sml.png\",\"contentUrl\":\"https:\\\/\\\/tejiendoamigurumis.com\\\/miembro\\\/wp-content\\\/uploads\\\/2016\\\/12\\\/LogoHD-1sml.png\",\"width\":400,\"height\":188,\"caption\":\"Tejiendo Amigurumis\"},\"image\":{\"@id\":\"https:\\\/\\\/tejiendoamigurumis.com\\\/miembro\\\/#\\\/schema\\\/logo\\\/image\\\/\"},\"sameAs\":[\"https:\\\/\\\/www.facebook.com\\\/tejiendolosamigurumis\",\"https:\\\/\\\/x.com\\\/TejeAmigurumis\",\"https:\\\/\\\/www.linkedin.com\\\/in\\\/marisol-saenz-02796029\\\/\",\"https:\\\/\\\/www.youtube.com\\\/@TejiendoAmigurumis\",\"https:\\\/\\\/mx.pinterest.com\\\/MarisolSaenz11\\\/\",\"https:\\\/\\\/www.instagram.com\\\/tejiendoamigurumis\\\/\",\"https:\\\/\\\/web.telegram.org\\\/a\\\/#-1001224398166\"]},{\"@type\":\"Person\",\"@id\":\"https:\\\/\\\/tejiendoamigurumis.com\\\/miembro\\\/#\\\/schema\\\/person\\\/420e593d98c521c7a35e4f8415d04b64\",\"name\":\"Marisol Saenz\",\"image\":{\"@type\":\"ImageObject\",\"inLanguage\":\"es\",\"@id\":\"https:\\\/\\\/secure.gravatar.com\\\/avatar\\\/100e96e23ad9914b49b61a1199fcf756bd738bdb09045462f18365f6637aa926?s=96&d=mm&r=g\",\"url\":\"https:\\\/\\\/secure.gravatar.com\\\/avatar\\\/100e96e23ad9914b49b61a1199fcf756bd738bdb09045462f18365f6637aa926?s=96&d=mm&r=g\",\"contentUrl\":\"https:\\\/\\\/secure.gravatar.com\\\/avatar\\\/100e96e23ad9914b49b61a1199fcf756bd738bdb09045462f18365f6637aa926?s=96&d=mm&r=g\",\"caption\":\"Marisol Saenz\"},\"url\":\"https:\\\/\\\/tejiendoamigurumis.com\\\/miembro\\\/author\\\/marisolsaenz\\\/\"}]}<\/script>\n<!-- \/ Yoast SEO plugin. -->","yoast_head_json":{"title":"PROMOCI\u00d3N Tejiendo en Verano - Tejiendo Amigurumis","robots":{"index":"index","follow":"follow","max-snippet":"max-snippet:-1","max-image-preview":"max-image-preview:large","max-video-preview":"max-video-preview:-1"},"canonical":"https:\/\/tejiendoamigurumis.com\/miembro\/promocion-tejiendo-en-verano\/","og_locale":"es_ES","og_type":"article","og_title":"PROMOCI\u00d3N Tejiendo en Verano - Tejiendo Amigurumis","og_description":"Amigos, en este verano, los invitamos a tejer, tenemos una gran promoci\u00f3n en Julio y Agosto de 2019. 50% de descuento para adquirir tu curso para aprender a realizar lindos y creativos amigurumis. Recuerda que en nuestro sitio podr\u00e1s encontrar, por tu pago, un curso que puedes realizar en la comodidad de tu casa, [&hellip;]","og_url":"https:\/\/tejiendoamigurumis.com\/miembro\/promocion-tejiendo-en-verano\/","og_site_name":"Tejiendo Amigurumis","article_publisher":"https:\/\/www.facebook.com\/tejiendolosamigurumis","article_published_time":"2019-07-11T15:08:23+00:00","article_modified_time":"2019-07-11T15:11:49+00:00","og_image":[{"width":499,"height":284,"url":"https:\/\/tejiendoamigurumis.com\/miembro\/wp-content\/uploads\/2019\/07\/ImagenTejiendoVerano.jpg","type":"image\/jpeg"}],"author":"Marisol Saenz","twitter_card":"summary_large_image","twitter_creator":"@TejeAmigurumis","twitter_site":"@TejeAmigurumis","twitter_misc":{"Escrito por":"Marisol Saenz","Tiempo de lectura":"3 minutos"},"schema":{"@context":"https:\/\/schema.org","@graph":[{"@type":"Article","@id":"https:\/\/tejiendoamigurumis.com\/miembro\/promocion-tejiendo-en-verano\/#article","isPartOf":{"@id":"https:\/\/tejiendoamigurumis.com\/miembro\/promocion-tejiendo-en-verano\/"},"author":{"name":"Marisol Saenz","@id":"https:\/\/tejiendoamigurumis.com\/miembro\/#\/schema\/person\/420e593d98c521c7a35e4f8415d04b64"},"headline":"PROMOCI\u00d3N Tejiendo en Verano","datePublished":"2019-07-11T15:08:23+00:00","dateModified":"2019-07-11T15:11:49+00:00","mainEntityOfPage":{"@id":"https:\/\/tejiendoamigurumis.com\/miembro\/promocion-tejiendo-en-verano\/"},"wordCount":685,"commentCount":2,"publisher":{"@id":"https:\/\/tejiendoamigurumis.com\/miembro\/#organization"},"image":{"@id":"https:\/\/tejiendoamigurumis.com\/miembro\/promocion-tejiendo-en-verano\/#primaryimage"},"thumbnailUrl":"https:\/\/tejiendoamigurumis.com\/miembro\/wp-content\/uploads\/2019\/07\/ImagenTejiendoVerano.jpg","articleSection":["Blog"],"inLanguage":"es","potentialAction":[{"@type":"CommentAction","name":"Comment","target":["https:\/\/tejiendoamigurumis.com\/miembro\/promocion-tejiendo-en-verano\/#respond"]}]},{"@type":"WebPage","@id":"https:\/\/tejiendoamigurumis.com\/miembro\/promocion-tejiendo-en-verano\/","url":"https:\/\/tejiendoamigurumis.com\/miembro\/promocion-tejiendo-en-verano\/","name":"PROMOCI\u00d3N Tejiendo en Verano - Tejiendo Amigurumis","isPartOf":{"@id":"https:\/\/tejiendoamigurumis.com\/miembro\/#website"},"primaryImageOfPage":{"@id":"https:\/\/tejiendoamigurumis.com\/miembro\/promocion-tejiendo-en-verano\/#primaryimage"},"image":{"@id":"https:\/\/tejiendoamigurumis.com\/miembro\/promocion-tejiendo-en-verano\/#primaryimage"},"thumbnailUrl":"https:\/\/tejiendoamigurumis.com\/miembro\/wp-content\/uploads\/2019\/07\/ImagenTejiendoVerano.jpg","datePublished":"2019-07-11T15:08:23+00:00","dateModified":"2019-07-11T15:11:49+00:00","breadcrumb":{"@id":"https:\/\/tejiendoamigurumis.com\/miembro\/promocion-tejiendo-en-verano\/#breadcrumb"},"inLanguage":"es","potentialAction":[{"@type":"ReadAction","target":["https:\/\/tejiendoamigurumis.com\/miembro\/promocion-tejiendo-en-verano\/"]}]},{"@type":"ImageObject","inLanguage":"es","@id":"https:\/\/tejiendoamigurumis.com\/miembro\/promocion-tejiendo-en-verano\/#primaryimage","url":"https:\/\/tejiendoamigurumis.com\/miembro\/wp-content\/uploads\/2019\/07\/ImagenTejiendoVerano.jpg","contentUrl":"https:\/\/tejiendoamigurumis.com\/miembro\/wp-content\/uploads\/2019\/07\/ImagenTejiendoVerano.jpg","width":499,"height":284},{"@type":"BreadcrumbList","@id":"https:\/\/tejiendoamigurumis.com\/miembro\/promocion-tejiendo-en-verano\/#breadcrumb","itemListElement":[{"@type":"ListItem","position":1,"name":"Portada","item":"https:\/\/tejiendoamigurumis.com\/miembro\/"},{"@type":"ListItem","position":2,"name":"PROMOCI\u00d3N Tejiendo en Verano"}]},{"@type":"WebSite","@id":"https:\/\/tejiendoamigurumis.com\/miembro\/#website","url":"https:\/\/tejiendoamigurumis.com\/miembro\/","name":"Tejiendo Amigurumis","description":"Sitio para miembros","publisher":{"@id":"https:\/\/tejiendoamigurumis.com\/miembro\/#organization"},"potentialAction":[{"@type":"SearchAction","target":{"@type":"EntryPoint","urlTemplate":"https:\/\/tejiendoamigurumis.com\/miembro\/?s={search_term_string}"},"query-input":{"@type":"PropertyValueSpecification","valueRequired":true,"valueName":"search_term_string"}}],"inLanguage":"es"},{"@type":"Organization","@id":"https:\/\/tejiendoamigurumis.com\/miembro\/#organization","name":"Tejiendo Amigurumis","url":"https:\/\/tejiendoamigurumis.com\/miembro\/","logo":{"@type":"ImageObject","inLanguage":"es","@id":"https:\/\/tejiendoamigurumis.com\/miembro\/#\/schema\/logo\/image\/","url":"https:\/\/tejiendoamigurumis.com\/miembro\/wp-content\/uploads\/2016\/12\/LogoHD-1sml.png","contentUrl":"https:\/\/tejiendoamigurumis.com\/miembro\/wp-content\/uploads\/2016\/12\/LogoHD-1sml.png","width":400,"height":188,"caption":"Tejiendo Amigurumis"},"image":{"@id":"https:\/\/tejiendoamigurumis.com\/miembro\/#\/schema\/logo\/image\/"},"sameAs":["https:\/\/www.facebook.com\/tejiendolosamigurumis","https:\/\/x.com\/TejeAmigurumis","https:\/\/www.linkedin.com\/in\/marisol-saenz-02796029\/","https:\/\/www.youtube.com\/@TejiendoAmigurumis","https:\/\/mx.pinterest.com\/MarisolSaenz11\/","https:\/\/www.instagram.com\/tejiendoamigurumis\/","https:\/\/web.telegram.org\/a\/#-1001224398166"]},{"@type":"Person","@id":"https:\/\/tejiendoamigurumis.com\/miembro\/#\/schema\/person\/420e593d98c521c7a35e4f8415d04b64","name":"Marisol Saenz","image":{"@type":"ImageObject","inLanguage":"es","@id":"https:\/\/secure.gravatar.com\/avatar\/100e96e23ad9914b49b61a1199fcf756bd738bdb09045462f18365f6637aa926?s=96&d=mm&r=g","url":"https:\/\/secure.gravatar.com\/avatar\/100e96e23ad9914b49b61a1199fcf756bd738bdb09045462f18365f6637aa926?s=96&d=mm&r=g","contentUrl":"https:\/\/secure.gravatar.com\/avatar\/100e96e23ad9914b49b61a1199fcf756bd738bdb09045462f18365f6637aa926?s=96&d=mm&r=g","caption":"Marisol Saenz"},"url":"https:\/\/tejiendoamigurumis.com\/miembro\/author\/marisolsaenz\/"}]}},"jetpack_featured_media_url":"https:\/\/tejiendoamigurumis.com\/miembro\/wp-content\/uploads\/2019\/07\/ImagenTejiendoVerano.jpg","_links":{"self":[{"href":"https:\/\/tejiendoamigurumis.com\/miembro\/wp-json\/wp\/v2\/posts\/2173","targetHints":{"allow":["GET"]}}],"collection":[{"href":"https:\/\/tejiendoamigurumis.com\/miembro\/wp-json\/wp\/v2\/posts"}],"about":[{"href":"https:\/\/tejiendoamigurumis.com\/miembro\/wp-json\/wp\/v2\/types\/post"}],"author":[{"embeddable":true,"href":"https:\/\/tejiendoamigurumis.com\/miembro\/wp-json\/wp\/v2\/users\/22"}],"replies":[{"embeddable":true,"href":"https:\/\/tejiendoamigurumis.com\/miembro\/wp-json\/wp\/v2\/comments?post=2173"}],"version-history":[{"count":4,"href":"https:\/\/tejiendoamigurumis.com\/miembro\/wp-json\/wp\/v2\/posts\/2173\/revisions"}],"predecessor-version":[{"id":2179,"href":"https:\/\/tejiendoamigurumis.com\/miembro\/wp-json\/wp\/v2\/posts\/2173\/revisions\/2179"}],"wp:featuredmedia":[{"embeddable":true,"href":"https:\/\/tejiendoamigurumis.com\/miembro\/wp-json\/wp\/v2\/media\/2170"}],"wp:attachment":[{"href":"https:\/\/tejiendoamigurumis.com\/miembro\/wp-json\/wp\/v2\/media?parent=2173"}],"wp:term":[{"taxonomy":"category","embeddable":true,"href":"https:\/\/tejiendoamigurumis.com\/miembro\/wp-json\/wp\/v2\/categories?post=2173"},{"taxonomy":"post_tag","embeddable":true,"href":"https:\/\/tejiendoamigurumis.com\/miembro\/wp-json\/wp\/v2\/tags?post=2173"}],"curies":[{"name":"wp","href":"https:\/\/api.w.org\/{rel}","templated":true}]}}