{"id":2057,"date":"2019-03-14T08:19:45","date_gmt":"2019-03-14T14:19:45","guid":{"rendered":"https:\/\/tejiendoamigurumis.com\/miembro\/?p=2057"},"modified":"2021-12-07T12:47:12","modified_gmt":"2021-12-07T18:47:12","slug":"la-gran-necesidad-de-ensenar-a-las-proximas-generaciones-un-oficio-como-el-tejido","status":"publish","type":"post","link":"https:\/\/tejiendoamigurumis.com\/miembro\/la-gran-necesidad-de-ensenar-a-las-proximas-generaciones-un-oficio-como-el-tejido\/","title":{"rendered":"La gran necesidad de ense\u00f1ar a las pr\u00f3ximas generaciones un oficio como el tejido"},"content":{"rendered":"<p>[et_pb_section fb_built=\u00bb1&#8243; _builder_version=\u00bb3.22&#8243;][et_pb_row _builder_version=\u00bb3.25&#8243; background_size=\u00bbinitial\u00bb background_position=\u00bbtop_left\u00bb background_repeat=\u00bbrepeat\u00bb][et_pb_column type=\u00bb4_4&#8243; _builder_version=\u00bb3.25&#8243; custom_padding=\u00bb|||\u00bb custom_padding__hover=\u00bb|||\u00bb][et_pb_text _builder_version=\u00bb4.9.10&#8243; hover_enabled=\u00bb0&#8243; sticky_enabled=\u00bb0&#8243;]<\/p>\n<p>Hola a todos mis seguidores, en esta entrada quiero tocar el tema de cierto aspecto que tiene que ver con concientizar acerca de la necesidad que se tiene para ense\u00f1ar a las nuevas generaciones a poder realizar trabajos manuales y en especifico el \u201ctejer\u201d.<\/p>\n<p>Bueno a mi me toc\u00f3, que cuando me ense\u00f1o mi mam\u00e1 a tejer, digamos que le encontr\u00e9 una aplicaci\u00f3n cuando estaba peque\u00f1a haci\u00e9ndole prendas de vestir a mis mu\u00f1ecos, pero bueno es cierto que a pesar de saber hacerlo, deje por mucho tiempo este oficio, nuevamente hasta que le encontr\u00e9 una aplicaci\u00f3n actual. Y si encontr\u00e9 el bonito arte de realizar mu\u00f1equitos tejidos \u201cAmigurumi\u201d y s\u00e9 que de haberlo sabido cuando estaba peque\u00f1a, no hubiera dejado de hacerlo.<\/p>\n<p>Por lo que acabo de mencionar, creo que hemos fallado en transmitir este conocimiento, este oficio a las nuevas generaciones, no les hemos encontrado la experiencia de aprendizaje adecuada para que este oficio sea de su inter\u00e9s y al mismo tiempo este tipo de oficio no vaya a la baja.<\/p>\n<p>Tambi\u00e9n recuerdo que este tipo de actividades por lo menos en mi generaci\u00f3n si se ense\u00f1aba en la escuela, de tal forma que en la clase de educaci\u00f3n art\u00edstica te ense\u00f1aban a bordar y a tejer, cosa que no veo en la actualidad. Es mas importante ense\u00f1arlos a manejar una computadora o una tableta, o bien jugar un videojuego que ense\u00f1arlos a dibujar, o bien a pintar.<\/p>\n<p>Es importante como lo he mencionado en varias ocasiones, que nosotros le demos la importancia necesaria a nuestro oficio, que bien no es f\u00e1cil, pero si es gratificante, y si nosotros lo valoramos, podemos transmitir ese tipo de emoci\u00f3n a realizar lo que hacemos y sobre todo a los chicos de entre 9 y 11 a\u00f1os que bien ya tienen la capacidad de realizar este tipo de oficios, y que adem\u00e1s les ayudar\u00eda mucho a la psicomotricidad y a los conocimientos matem\u00e1ticos.<\/p>\n<p>A todas las mam\u00e1s les recomiendo que ense\u00f1en a sus hijos, no importa si tienes ni\u00f1as o ni\u00f1os, que les transmitamos lo bonito de este oficio que bien, en un futuro puede ser la diferencia para que obtengan un m\u00e9todo de ingreso de recursos.<\/p>\n<p>&nbsp;<\/p>\n<p>Les dejamos la liga a nuestro sitio, para inscribirte en el curso on line: <a href=\"https:\/\/tejiendoamigurumis.com\/miembro\/cursos\/\">https:\/\/tejiendoamigurumis.com\/miembro\/cursos\/<\/a><\/p>\n<p>Mencionamos adem\u00e1s que ya tenemos a su disposici\u00f3n la opci\u00f3n de pagar en mensualidades sin intereses, pagando con su cuenta PAY PAL.<\/p>\n<p>D\u00e9janos un comentario o escr\u00edbenos a nuestro correo: <a href=\"mailto:contacto@tejiendoamigurumis.com\">contacto@tejiendoamigurumis.com<\/a><\/p>\n<p>Tambi\u00e9n s\u00edguenos en nuestro canal: https:\/\/www.youtube.com\/c\/TejiendoAmigurumis<\/p>\n<p>&nbsp;<\/p>\n<p>[\/et_pb_text][\/et_pb_column][\/et_pb_row][\/et_pb_section]<\/p>\n","protected":false},"excerpt":{"rendered":"<p>Hola a todos mis seguidores, en esta entrada quiero tocar el tema de cierto aspecto que tiene que ver con concientizar acerca de la necesidad que se tiene para ense\u00f1ar a las nuevas generaciones a poder realizar trabajos manuales y en especifico el \u201ctejer\u201d. Bueno a mi me toc\u00f3, que cuando me ense\u00f1o mi mam\u00e1 [&hellip;]<\/p>\n","protected":false},"author":22,"featured_media":2059,"comment_status":"open","ping_status":"open","sticky":false,"template":"","format":"standard","meta":{"_et_pb_use_builder":"on","_et_pb_old_content":"","_et_gb_content_width":"","pmpro_default_level":"","footnotes":""},"categories":[16],"tags":[],"class_list":["post-2057","post","type-post","status-publish","format-standard","has-post-thumbnail","hentry","category-blog","pmpro-has-access"],"yoast_head":"<!-- This site is optimized with the Yoast SEO plugin v27.4 - https:\/\/yoast.com\/product\/yoast-seo-wordpress\/ -->\n<title>La gran necesidad de ense\u00f1ar a las pr\u00f3ximas generaciones un oficio como el tejido - Tejiendo Amigurumis<\/title>\n<meta name=\"robots\" content=\"index, follow, max-snippet:-1, max-image-preview:large, max-video-preview:-1\" \/>\n<link rel=\"canonical\" href=\"https:\/\/tejiendoamigurumis.com\/miembro\/la-gran-necesidad-de-ensenar-a-las-proximas-generaciones-un-oficio-como-el-tejido\/\" \/>\n<meta property=\"og:locale\" content=\"es_ES\" \/>\n<meta property=\"og:type\" content=\"article\" \/>\n<meta property=\"og:title\" content=\"La gran necesidad de ense\u00f1ar a las pr\u00f3ximas generaciones un oficio como el tejido - Tejiendo Amigurumis\" \/>\n<meta property=\"og:description\" content=\"Hola a todos mis seguidores, en esta entrada quiero tocar el tema de cierto aspecto que tiene que ver con concientizar acerca de la necesidad que se tiene para ense\u00f1ar a las nuevas generaciones a poder realizar trabajos manuales y en especifico el \u201ctejer\u201d. Bueno a mi me toc\u00f3, que cuando me ense\u00f1o mi mam\u00e1 [&hellip;]\" \/>\n<meta property=\"og:url\" content=\"https:\/\/tejiendoamigurumis.com\/miembro\/la-gran-necesidad-de-ensenar-a-las-proximas-generaciones-un-oficio-como-el-tejido\/\" \/>\n<meta property=\"og:site_name\" content=\"Tejiendo Amigurumis\" \/>\n<meta property=\"article:publisher\" content=\"https:\/\/www.facebook.com\/tejiendolosamigurumis\" \/>\n<meta property=\"article:published_time\" content=\"2019-03-14T14:19:45+00:00\" \/>\n<meta property=\"article:modified_time\" content=\"2021-12-07T18:47:12+00:00\" \/>\n<meta property=\"og:image\" content=\"https:\/\/tejiendoamigurumis.com\/miembro\/wp-content\/uploads\/2019\/02\/Tejidosylosninos.jpg\" \/>\n\t<meta property=\"og:image:width\" content=\"500\" \/>\n\t<meta property=\"og:image:height\" content=\"282\" \/>\n\t<meta property=\"og:image:type\" content=\"image\/jpeg\" \/>\n<meta name=\"author\" content=\"Marisol Saenz\" \/>\n<meta name=\"twitter:card\" content=\"summary_large_image\" \/>\n<meta name=\"twitter:creator\" content=\"@TejeAmigurumis\" \/>\n<meta name=\"twitter:site\" content=\"@TejeAmigurumis\" \/>\n<meta name=\"twitter:label1\" content=\"Escrito por\" \/>\n\t<meta name=\"twitter:data1\" content=\"Marisol Saenz\" \/>\n\t<meta name=\"twitter:label2\" content=\"Tiempo de lectura\" \/>\n\t<meta name=\"twitter:data2\" content=\"3 minutos\" \/>\n<script type=\"application\/ld+json\" class=\"yoast-schema-graph\">{\"@context\":\"https:\\\/\\\/schema.org\",\"@graph\":[{\"@type\":\"Article\",\"@id\":\"https:\\\/\\\/tejiendoamigurumis.com\\\/miembro\\\/la-gran-necesidad-de-ensenar-a-las-proximas-generaciones-un-oficio-como-el-tejido\\\/#article\",\"isPartOf\":{\"@id\":\"https:\\\/\\\/tejiendoamigurumis.com\\\/miembro\\\/la-gran-necesidad-de-ensenar-a-las-proximas-generaciones-un-oficio-como-el-tejido\\\/\"},\"author\":{\"name\":\"Marisol Saenz\",\"@id\":\"https:\\\/\\\/tejiendoamigurumis.com\\\/miembro\\\/#\\\/schema\\\/person\\\/420e593d98c521c7a35e4f8415d04b64\"},\"headline\":\"La gran necesidad de ense\u00f1ar a las pr\u00f3ximas generaciones un oficio como el tejido\",\"datePublished\":\"2019-03-14T14:19:45+00:00\",\"dateModified\":\"2021-12-07T18:47:12+00:00\",\"mainEntityOfPage\":{\"@id\":\"https:\\\/\\\/tejiendoamigurumis.com\\\/miembro\\\/la-gran-necesidad-de-ensenar-a-las-proximas-generaciones-un-oficio-como-el-tejido\\\/\"},\"wordCount\":534,\"commentCount\":0,\"publisher\":{\"@id\":\"https:\\\/\\\/tejiendoamigurumis.com\\\/miembro\\\/#organization\"},\"image\":{\"@id\":\"https:\\\/\\\/tejiendoamigurumis.com\\\/miembro\\\/la-gran-necesidad-de-ensenar-a-las-proximas-generaciones-un-oficio-como-el-tejido\\\/#primaryimage\"},\"thumbnailUrl\":\"https:\\\/\\\/tejiendoamigurumis.com\\\/miembro\\\/wp-content\\\/uploads\\\/2019\\\/02\\\/Tejidosylosninos.jpg\",\"articleSection\":[\"Blog\"],\"inLanguage\":\"es\",\"potentialAction\":[{\"@type\":\"CommentAction\",\"name\":\"Comment\",\"target\":[\"https:\\\/\\\/tejiendoamigurumis.com\\\/miembro\\\/la-gran-necesidad-de-ensenar-a-las-proximas-generaciones-un-oficio-como-el-tejido\\\/#respond\"]}]},{\"@type\":\"WebPage\",\"@id\":\"https:\\\/\\\/tejiendoamigurumis.com\\\/miembro\\\/la-gran-necesidad-de-ensenar-a-las-proximas-generaciones-un-oficio-como-el-tejido\\\/\",\"url\":\"https:\\\/\\\/tejiendoamigurumis.com\\\/miembro\\\/la-gran-necesidad-de-ensenar-a-las-proximas-generaciones-un-oficio-como-el-tejido\\\/\",\"name\":\"La gran necesidad de ense\u00f1ar a las pr\u00f3ximas generaciones un oficio como el tejido - Tejiendo Amigurumis\",\"isPartOf\":{\"@id\":\"https:\\\/\\\/tejiendoamigurumis.com\\\/miembro\\\/#website\"},\"primaryImageOfPage\":{\"@id\":\"https:\\\/\\\/tejiendoamigurumis.com\\\/miembro\\\/la-gran-necesidad-de-ensenar-a-las-proximas-generaciones-un-oficio-como-el-tejido\\\/#primaryimage\"},\"image\":{\"@id\":\"https:\\\/\\\/tejiendoamigurumis.com\\\/miembro\\\/la-gran-necesidad-de-ensenar-a-las-proximas-generaciones-un-oficio-como-el-tejido\\\/#primaryimage\"},\"thumbnailUrl\":\"https:\\\/\\\/tejiendoamigurumis.com\\\/miembro\\\/wp-content\\\/uploads\\\/2019\\\/02\\\/Tejidosylosninos.jpg\",\"datePublished\":\"2019-03-14T14:19:45+00:00\",\"dateModified\":\"2021-12-07T18:47:12+00:00\",\"breadcrumb\":{\"@id\":\"https:\\\/\\\/tejiendoamigurumis.com\\\/miembro\\\/la-gran-necesidad-de-ensenar-a-las-proximas-generaciones-un-oficio-como-el-tejido\\\/#breadcrumb\"},\"inLanguage\":\"es\",\"potentialAction\":[{\"@type\":\"ReadAction\",\"target\":[\"https:\\\/\\\/tejiendoamigurumis.com\\\/miembro\\\/la-gran-necesidad-de-ensenar-a-las-proximas-generaciones-un-oficio-como-el-tejido\\\/\"]}]},{\"@type\":\"ImageObject\",\"inLanguage\":\"es\",\"@id\":\"https:\\\/\\\/tejiendoamigurumis.com\\\/miembro\\\/la-gran-necesidad-de-ensenar-a-las-proximas-generaciones-un-oficio-como-el-tejido\\\/#primaryimage\",\"url\":\"https:\\\/\\\/tejiendoamigurumis.com\\\/miembro\\\/wp-content\\\/uploads\\\/2019\\\/02\\\/Tejidosylosninos.jpg\",\"contentUrl\":\"https:\\\/\\\/tejiendoamigurumis.com\\\/miembro\\\/wp-content\\\/uploads\\\/2019\\\/02\\\/Tejidosylosninos.jpg\",\"width\":500,\"height\":282},{\"@type\":\"BreadcrumbList\",\"@id\":\"https:\\\/\\\/tejiendoamigurumis.com\\\/miembro\\\/la-gran-necesidad-de-ensenar-a-las-proximas-generaciones-un-oficio-como-el-tejido\\\/#breadcrumb\",\"itemListElement\":[{\"@type\":\"ListItem\",\"position\":1,\"name\":\"Portada\",\"item\":\"https:\\\/\\\/tejiendoamigurumis.com\\\/miembro\\\/\"},{\"@type\":\"ListItem\",\"position\":2,\"name\":\"La gran necesidad de ense\u00f1ar a las pr\u00f3ximas generaciones un oficio como el tejido\"}]},{\"@type\":\"WebSite\",\"@id\":\"https:\\\/\\\/tejiendoamigurumis.com\\\/miembro\\\/#website\",\"url\":\"https:\\\/\\\/tejiendoamigurumis.com\\\/miembro\\\/\",\"name\":\"Tejiendo Amigurumis\",\"description\":\"Sitio para miembros\",\"publisher\":{\"@id\":\"https:\\\/\\\/tejiendoamigurumis.com\\\/miembro\\\/#organization\"},\"potentialAction\":[{\"@type\":\"SearchAction\",\"target\":{\"@type\":\"EntryPoint\",\"urlTemplate\":\"https:\\\/\\\/tejiendoamigurumis.com\\\/miembro\\\/?s={search_term_string}\"},\"query-input\":{\"@type\":\"PropertyValueSpecification\",\"valueRequired\":true,\"valueName\":\"search_term_string\"}}],\"inLanguage\":\"es\"},{\"@type\":\"Organization\",\"@id\":\"https:\\\/\\\/tejiendoamigurumis.com\\\/miembro\\\/#organization\",\"name\":\"Tejiendo Amigurumis\",\"url\":\"https:\\\/\\\/tejiendoamigurumis.com\\\/miembro\\\/\",\"logo\":{\"@type\":\"ImageObject\",\"inLanguage\":\"es\",\"@id\":\"https:\\\/\\\/tejiendoamigurumis.com\\\/miembro\\\/#\\\/schema\\\/logo\\\/image\\\/\",\"url\":\"https:\\\/\\\/tejiendoamigurumis.com\\\/miembro\\\/wp-content\\\/uploads\\\/2016\\\/12\\\/LogoHD-1sml.png\",\"contentUrl\":\"https:\\\/\\\/tejiendoamigurumis.com\\\/miembro\\\/wp-content\\\/uploads\\\/2016\\\/12\\\/LogoHD-1sml.png\",\"width\":400,\"height\":188,\"caption\":\"Tejiendo Amigurumis\"},\"image\":{\"@id\":\"https:\\\/\\\/tejiendoamigurumis.com\\\/miembro\\\/#\\\/schema\\\/logo\\\/image\\\/\"},\"sameAs\":[\"https:\\\/\\\/www.facebook.com\\\/tejiendolosamigurumis\",\"https:\\\/\\\/x.com\\\/TejeAmigurumis\",\"https:\\\/\\\/www.linkedin.com\\\/in\\\/marisol-saenz-02796029\\\/\",\"https:\\\/\\\/www.youtube.com\\\/@TejiendoAmigurumis\",\"https:\\\/\\\/mx.pinterest.com\\\/MarisolSaenz11\\\/\",\"https:\\\/\\\/www.instagram.com\\\/tejiendoamigurumis\\\/\",\"https:\\\/\\\/web.telegram.org\\\/a\\\/#-1001224398166\"]},{\"@type\":\"Person\",\"@id\":\"https:\\\/\\\/tejiendoamigurumis.com\\\/miembro\\\/#\\\/schema\\\/person\\\/420e593d98c521c7a35e4f8415d04b64\",\"name\":\"Marisol Saenz\",\"image\":{\"@type\":\"ImageObject\",\"inLanguage\":\"es\",\"@id\":\"https:\\\/\\\/secure.gravatar.com\\\/avatar\\\/100e96e23ad9914b49b61a1199fcf756bd738bdb09045462f18365f6637aa926?s=96&d=mm&r=g\",\"url\":\"https:\\\/\\\/secure.gravatar.com\\\/avatar\\\/100e96e23ad9914b49b61a1199fcf756bd738bdb09045462f18365f6637aa926?s=96&d=mm&r=g\",\"contentUrl\":\"https:\\\/\\\/secure.gravatar.com\\\/avatar\\\/100e96e23ad9914b49b61a1199fcf756bd738bdb09045462f18365f6637aa926?s=96&d=mm&r=g\",\"caption\":\"Marisol Saenz\"},\"url\":\"https:\\\/\\\/tejiendoamigurumis.com\\\/miembro\\\/author\\\/marisolsaenz\\\/\"}]}<\/script>\n<!-- \/ Yoast SEO plugin. -->","yoast_head_json":{"title":"La gran necesidad de ense\u00f1ar a las pr\u00f3ximas generaciones un oficio como el tejido - Tejiendo Amigurumis","robots":{"index":"index","follow":"follow","max-snippet":"max-snippet:-1","max-image-preview":"max-image-preview:large","max-video-preview":"max-video-preview:-1"},"canonical":"https:\/\/tejiendoamigurumis.com\/miembro\/la-gran-necesidad-de-ensenar-a-las-proximas-generaciones-un-oficio-como-el-tejido\/","og_locale":"es_ES","og_type":"article","og_title":"La gran necesidad de ense\u00f1ar a las pr\u00f3ximas generaciones un oficio como el tejido - Tejiendo Amigurumis","og_description":"Hola a todos mis seguidores, en esta entrada quiero tocar el tema de cierto aspecto que tiene que ver con concientizar acerca de la necesidad que se tiene para ense\u00f1ar a las nuevas generaciones a poder realizar trabajos manuales y en especifico el \u201ctejer\u201d. Bueno a mi me toc\u00f3, que cuando me ense\u00f1o mi mam\u00e1 [&hellip;]","og_url":"https:\/\/tejiendoamigurumis.com\/miembro\/la-gran-necesidad-de-ensenar-a-las-proximas-generaciones-un-oficio-como-el-tejido\/","og_site_name":"Tejiendo Amigurumis","article_publisher":"https:\/\/www.facebook.com\/tejiendolosamigurumis","article_published_time":"2019-03-14T14:19:45+00:00","article_modified_time":"2021-12-07T18:47:12+00:00","og_image":[{"width":500,"height":282,"url":"https:\/\/tejiendoamigurumis.com\/miembro\/wp-content\/uploads\/2019\/02\/Tejidosylosninos.jpg","type":"image\/jpeg"}],"author":"Marisol Saenz","twitter_card":"summary_large_image","twitter_creator":"@TejeAmigurumis","twitter_site":"@TejeAmigurumis","twitter_misc":{"Escrito por":"Marisol Saenz","Tiempo de lectura":"3 minutos"},"schema":{"@context":"https:\/\/schema.org","@graph":[{"@type":"Article","@id":"https:\/\/tejiendoamigurumis.com\/miembro\/la-gran-necesidad-de-ensenar-a-las-proximas-generaciones-un-oficio-como-el-tejido\/#article","isPartOf":{"@id":"https:\/\/tejiendoamigurumis.com\/miembro\/la-gran-necesidad-de-ensenar-a-las-proximas-generaciones-un-oficio-como-el-tejido\/"},"author":{"name":"Marisol Saenz","@id":"https:\/\/tejiendoamigurumis.com\/miembro\/#\/schema\/person\/420e593d98c521c7a35e4f8415d04b64"},"headline":"La gran necesidad de ense\u00f1ar a las pr\u00f3ximas generaciones un oficio como el tejido","datePublished":"2019-03-14T14:19:45+00:00","dateModified":"2021-12-07T18:47:12+00:00","mainEntityOfPage":{"@id":"https:\/\/tejiendoamigurumis.com\/miembro\/la-gran-necesidad-de-ensenar-a-las-proximas-generaciones-un-oficio-como-el-tejido\/"},"wordCount":534,"commentCount":0,"publisher":{"@id":"https:\/\/tejiendoamigurumis.com\/miembro\/#organization"},"image":{"@id":"https:\/\/tejiendoamigurumis.com\/miembro\/la-gran-necesidad-de-ensenar-a-las-proximas-generaciones-un-oficio-como-el-tejido\/#primaryimage"},"thumbnailUrl":"https:\/\/tejiendoamigurumis.com\/miembro\/wp-content\/uploads\/2019\/02\/Tejidosylosninos.jpg","articleSection":["Blog"],"inLanguage":"es","potentialAction":[{"@type":"CommentAction","name":"Comment","target":["https:\/\/tejiendoamigurumis.com\/miembro\/la-gran-necesidad-de-ensenar-a-las-proximas-generaciones-un-oficio-como-el-tejido\/#respond"]}]},{"@type":"WebPage","@id":"https:\/\/tejiendoamigurumis.com\/miembro\/la-gran-necesidad-de-ensenar-a-las-proximas-generaciones-un-oficio-como-el-tejido\/","url":"https:\/\/tejiendoamigurumis.com\/miembro\/la-gran-necesidad-de-ensenar-a-las-proximas-generaciones-un-oficio-como-el-tejido\/","name":"La gran necesidad de ense\u00f1ar a las pr\u00f3ximas generaciones un oficio como el tejido - Tejiendo Amigurumis","isPartOf":{"@id":"https:\/\/tejiendoamigurumis.com\/miembro\/#website"},"primaryImageOfPage":{"@id":"https:\/\/tejiendoamigurumis.com\/miembro\/la-gran-necesidad-de-ensenar-a-las-proximas-generaciones-un-oficio-como-el-tejido\/#primaryimage"},"image":{"@id":"https:\/\/tejiendoamigurumis.com\/miembro\/la-gran-necesidad-de-ensenar-a-las-proximas-generaciones-un-oficio-como-el-tejido\/#primaryimage"},"thumbnailUrl":"https:\/\/tejiendoamigurumis.com\/miembro\/wp-content\/uploads\/2019\/02\/Tejidosylosninos.jpg","datePublished":"2019-03-14T14:19:45+00:00","dateModified":"2021-12-07T18:47:12+00:00","breadcrumb":{"@id":"https:\/\/tejiendoamigurumis.com\/miembro\/la-gran-necesidad-de-ensenar-a-las-proximas-generaciones-un-oficio-como-el-tejido\/#breadcrumb"},"inLanguage":"es","potentialAction":[{"@type":"ReadAction","target":["https:\/\/tejiendoamigurumis.com\/miembro\/la-gran-necesidad-de-ensenar-a-las-proximas-generaciones-un-oficio-como-el-tejido\/"]}]},{"@type":"ImageObject","inLanguage":"es","@id":"https:\/\/tejiendoamigurumis.com\/miembro\/la-gran-necesidad-de-ensenar-a-las-proximas-generaciones-un-oficio-como-el-tejido\/#primaryimage","url":"https:\/\/tejiendoamigurumis.com\/miembro\/wp-content\/uploads\/2019\/02\/Tejidosylosninos.jpg","contentUrl":"https:\/\/tejiendoamigurumis.com\/miembro\/wp-content\/uploads\/2019\/02\/Tejidosylosninos.jpg","width":500,"height":282},{"@type":"BreadcrumbList","@id":"https:\/\/tejiendoamigurumis.com\/miembro\/la-gran-necesidad-de-ensenar-a-las-proximas-generaciones-un-oficio-como-el-tejido\/#breadcrumb","itemListElement":[{"@type":"ListItem","position":1,"name":"Portada","item":"https:\/\/tejiendoamigurumis.com\/miembro\/"},{"@type":"ListItem","position":2,"name":"La gran necesidad de ense\u00f1ar a las pr\u00f3ximas generaciones un oficio como el tejido"}]},{"@type":"WebSite","@id":"https:\/\/tejiendoamigurumis.com\/miembro\/#website","url":"https:\/\/tejiendoamigurumis.com\/miembro\/","name":"Tejiendo Amigurumis","description":"Sitio para miembros","publisher":{"@id":"https:\/\/tejiendoamigurumis.com\/miembro\/#organization"},"potentialAction":[{"@type":"SearchAction","target":{"@type":"EntryPoint","urlTemplate":"https:\/\/tejiendoamigurumis.com\/miembro\/?s={search_term_string}"},"query-input":{"@type":"PropertyValueSpecification","valueRequired":true,"valueName":"search_term_string"}}],"inLanguage":"es"},{"@type":"Organization","@id":"https:\/\/tejiendoamigurumis.com\/miembro\/#organization","name":"Tejiendo Amigurumis","url":"https:\/\/tejiendoamigurumis.com\/miembro\/","logo":{"@type":"ImageObject","inLanguage":"es","@id":"https:\/\/tejiendoamigurumis.com\/miembro\/#\/schema\/logo\/image\/","url":"https:\/\/tejiendoamigurumis.com\/miembro\/wp-content\/uploads\/2016\/12\/LogoHD-1sml.png","contentUrl":"https:\/\/tejiendoamigurumis.com\/miembro\/wp-content\/uploads\/2016\/12\/LogoHD-1sml.png","width":400,"height":188,"caption":"Tejiendo Amigurumis"},"image":{"@id":"https:\/\/tejiendoamigurumis.com\/miembro\/#\/schema\/logo\/image\/"},"sameAs":["https:\/\/www.facebook.com\/tejiendolosamigurumis","https:\/\/x.com\/TejeAmigurumis","https:\/\/www.linkedin.com\/in\/marisol-saenz-02796029\/","https:\/\/www.youtube.com\/@TejiendoAmigurumis","https:\/\/mx.pinterest.com\/MarisolSaenz11\/","https:\/\/www.instagram.com\/tejiendoamigurumis\/","https:\/\/web.telegram.org\/a\/#-1001224398166"]},{"@type":"Person","@id":"https:\/\/tejiendoamigurumis.com\/miembro\/#\/schema\/person\/420e593d98c521c7a35e4f8415d04b64","name":"Marisol Saenz","image":{"@type":"ImageObject","inLanguage":"es","@id":"https:\/\/secure.gravatar.com\/avatar\/100e96e23ad9914b49b61a1199fcf756bd738bdb09045462f18365f6637aa926?s=96&d=mm&r=g","url":"https:\/\/secure.gravatar.com\/avatar\/100e96e23ad9914b49b61a1199fcf756bd738bdb09045462f18365f6637aa926?s=96&d=mm&r=g","contentUrl":"https:\/\/secure.gravatar.com\/avatar\/100e96e23ad9914b49b61a1199fcf756bd738bdb09045462f18365f6637aa926?s=96&d=mm&r=g","caption":"Marisol Saenz"},"url":"https:\/\/tejiendoamigurumis.com\/miembro\/author\/marisolsaenz\/"}]}},"jetpack_featured_media_url":"https:\/\/tejiendoamigurumis.com\/miembro\/wp-content\/uploads\/2019\/02\/Tejidosylosninos.jpg","_links":{"self":[{"href":"https:\/\/tejiendoamigurumis.com\/miembro\/wp-json\/wp\/v2\/posts\/2057","targetHints":{"allow":["GET"]}}],"collection":[{"href":"https:\/\/tejiendoamigurumis.com\/miembro\/wp-json\/wp\/v2\/posts"}],"about":[{"href":"https:\/\/tejiendoamigurumis.com\/miembro\/wp-json\/wp\/v2\/types\/post"}],"author":[{"embeddable":true,"href":"https:\/\/tejiendoamigurumis.com\/miembro\/wp-json\/wp\/v2\/users\/22"}],"replies":[{"embeddable":true,"href":"https:\/\/tejiendoamigurumis.com\/miembro\/wp-json\/wp\/v2\/comments?post=2057"}],"version-history":[{"count":3,"href":"https:\/\/tejiendoamigurumis.com\/miembro\/wp-json\/wp\/v2\/posts\/2057\/revisions"}],"predecessor-version":[{"id":3362,"href":"https:\/\/tejiendoamigurumis.com\/miembro\/wp-json\/wp\/v2\/posts\/2057\/revisions\/3362"}],"wp:featuredmedia":[{"embeddable":true,"href":"https:\/\/tejiendoamigurumis.com\/miembro\/wp-json\/wp\/v2\/media\/2059"}],"wp:attachment":[{"href":"https:\/\/tejiendoamigurumis.com\/miembro\/wp-json\/wp\/v2\/media?parent=2057"}],"wp:term":[{"taxonomy":"category","embeddable":true,"href":"https:\/\/tejiendoamigurumis.com\/miembro\/wp-json\/wp\/v2\/categories?post=2057"},{"taxonomy":"post_tag","embeddable":true,"href":"https:\/\/tejiendoamigurumis.com\/miembro\/wp-json\/wp\/v2\/tags?post=2057"}],"curies":[{"name":"wp","href":"https:\/\/api.w.org\/{rel}","templated":true}]}}