{"id":12240,"date":"2023-06-01T15:46:24","date_gmt":"2023-06-01T21:46:24","guid":{"rendered":"https:\/\/tejiendoamigurumis.com\/miembro\/?p=12240"},"modified":"2023-06-01T15:46:28","modified_gmt":"2023-06-01T21:46:28","slug":"orgullosos-de-ser-los-primeros-en-diseno-funko-pop","status":"publish","type":"post","link":"https:\/\/tejiendoamigurumis.com\/miembro\/orgullosos-de-ser-los-primeros-en-diseno-funko-pop\/","title":{"rendered":"Orgullosos de ser los primeros en dise\u00f1o Funko pop"},"content":{"rendered":"<p>[et_pb_section fb_built=\u00bb1&#8243; admin_label=\u00bbsection\u00bb _builder_version=\u00bb4.16&#8243; da_disable_devices=\u00bboff|off|off\u00bb global_colors_info=\u00bb{}\u00bb da_is_popup=\u00bboff\u00bb da_exit_intent=\u00bboff\u00bb da_has_close=\u00bbon\u00bb da_alt_close=\u00bboff\u00bb da_dark_close=\u00bboff\u00bb da_not_modal=\u00bbon\u00bb da_is_singular=\u00bboff\u00bb da_with_loader=\u00bboff\u00bb da_has_shadow=\u00bbon\u00bb][et_pb_row admin_label=\u00bbrow\u00bb _builder_version=\u00bb4.16&#8243; background_size=\u00bbinitial\u00bb background_position=\u00bbtop_left\u00bb background_repeat=\u00bbrepeat\u00bb global_colors_info=\u00bb{}\u00bb][et_pb_column type=\u00bb4_4&#8243; _builder_version=\u00bb4.16&#8243; custom_padding=\u00bb|||\u00bb global_colors_info=\u00bb{}\u00bb custom_padding__hover=\u00bb|||\u00bb][et_pb_text _builder_version=\u00bb4.20.4&#8243; _module_preset=\u00bbdefault\u00bb global_colors_info=\u00bb{}\u00bb]<\/p>\n<p>Hola a todos, en esta entrada me gustaria comentar acerca de un dise\u00f1o del cual fuimos pioneros gracias a un pedido que me requirieron personalizado. Generalmente las figuras de las cuales promocionamos nuestros cursos han sido pedidos personalizados que nos requieren nuestros clientes. Esas figuras, despu\u00e9s las publicamos y asi se va dando nuestro proceso de marketing en redes sociales. De esa forma les comento que nuestro pedido fue requerido el mes de Febrero de 2019, y fue una requisici\u00f3n de los personales de \u00abclub de cuervos\u00bb, y con el dise\u00f1o de la estructura de Funko pop, en ese momento realmente no habia ninguna muestra que yo pudiera encontrar para hacer la figura, por lo que me di a la tarea de dise\u00f1ar el como poder realizar esa figura desde un tejido a crochet seguido en espiral, porque generalmente las figuras cuadradas, la forma mas f\u00e1cil es hacerla como por partes. En fin lo termin\u00e9 y lo entregue a su due\u00f1a, por cierto que le encant\u00f3 y cuando lo publico en mis redes sociales la sorpresa es que fu\u00e9 todo un \u00e9xito, ha sido de las im\u00e1genes que mas viral se me ha ido. De esa forma, fu\u00e9 muy constante la requisici\u00f3n del patr\u00f3n, inclusive tuve contacto de personas de la misma producci\u00f3n de la serie de netflix.<\/p>\n<p>De esa forma fu\u00e9 hasta el mes de entre agosto y septiembre de 2020 cuando por fin pudimos sacar a la venta el patr\u00f3n de la estructura funkopop. Y de ahi en adelante hemos visto que esta estructura es de las que m\u00e1s dise\u00f1os se ha hecho y tambi\u00e9n ha hecho crecer a muchas dise\u00f1adoras de amigurumis. Muchas de esas creadoras han hecho cosas muy bonitas e impresionantes y si ha sido uno de los patrones que m\u00e1s hemos vendido.<\/p>\n<p>Nos queda la satisfacci\u00f3n de que este patr\u00f3n, es de nuestra autor\u00eda y somos los primeros que sacamos al p\u00fablico estos mu\u00f1equitos en esa estructura en amigurumi.<\/p>\n<p>Aprovechamos adem\u00e1s para comentarles que no solo quedo en un patr\u00f3n, como es una estructura que requiere de cierto nivel de crochet, hicimos la master class que acompa\u00f1a a todas esas personas que no saben como desarrollar ciertas figuras en crochet. Y estamos orgullosos de que hemos sido los que hemos ense\u00f1ado a mucha gente a perfeccionar su tecnica y poder desarrollar sus dise\u00f1os funkos.<\/p>\n<p>Agradecemos a todos nuestros alumnos y quienes han comprado nuestro patr\u00f3n, y no olviden que no solo les vendemos un patr\u00f3n o un curso, tienen siempre un seguimiento con nosotros puntual para que puedan desarrollar sus creaciones.<\/p>\n<p>&nbsp;<\/p>\n<p>Muchas gracias por compartir esta entrada de blog y recuerda si te interesa saber mas acerca de este lindo oficio puedes visitar nuestro sitio: <a href=\"https:\/\/tejiendoamigurumis.com\/miembro\/cursos\/\">https:\/\/tejiendoamigurumis.com\/miembro\/cursos\/<\/a><\/p>\n<div class=\"\"><span class=\"style-scope yt-formatted-string\" dir=\"auto\">Puedes compartir tus dudas en la secci\u00f3n de comentarios o puedes mandarlas al correo: <a class=\"\" href=\"mailto:contacto@tejiendoamigurumis.com\">contacto@tejiendoamigurumis.com<\/a><\/span><\/div>\n<div class=\"\">\u00a0<\/div>\n<div class=\"\">\n<div class=\"\">Tambi\u00e9n tenemos contacto todo el tiempo a trav\u00e9s de nuestro n\u00famero de\u00a0<b class=\"\"><i class=\"\"><span class=\"\" style=\"font-size: large;\">whats app o telegram 3310842082<\/span><\/i><\/b><\/div>\n<div class=\"\"><b class=\"\"><i class=\"\">\u00a0<\/i><\/b><\/div>\n<div class=\"\">\n<div class=\"\"><span class=\"style-scope yt-formatted-string\" dir=\"auto\">S\u00edguenos en nuestras redes sociales:<\/span><\/div>\n<div class=\"\"><span class=\"style-scope yt-formatted-string\" dir=\"auto\"> Facebook: \u25ba <a href=\"https:\/\/www.facebook.com\/tejiendolosamigurumis\">https:\/\/www.facebook.com\/tejiendolosamigurumis<\/a><\/span><\/div>\n<div class=\"\"><span class=\"style-scope yt-formatted-string\" dir=\"auto\"> Twitter: \u25ba <a class=\"style-scope yt-formatted-string yt-simple-endpoint\" dir=\"auto\" spellcheck=\"false\" href=\"https:\/\/www.youtube.com\/redirect?event=video_description&amp;redir_token=QUFFLUhqbm1TS0FUWlJuWXJpQ08xcEk0SlY2NWJsUzNVUXxBQ3Jtc0ttcGx2Z0loOEY5ZVRRMGx5MUZyd3RRLWNaVzhYNW5RZDdsSnA4TlNwUFFlQzVzZ2REVWozcFlidkNnY0VuUm1pN1JHNUtWd2s3VWljRnZMX3EtbU5Da1U5WGRwQUtYRWt6clBzWDVFWElaMkRBYTdYaw&amp;q=https%3A%2F%2Ftwitter.com%2FTejeAmigurumis%E2%80%8B%E2%80%8B%E2%80%8B%E2%80%8B\" target=\"_blank\" rel=\"nofollow noopener\">https:\/\/twitter.com\/TejeAmigurumis\u200b\u200b\u200b\u200b<\/a><\/span><\/div>\n<div class=\"\"><span class=\"style-scope yt-formatted-string\" dir=\"auto\"> Instagram: \u25ba <a class=\"style-scope yt-formatted-string yt-simple-endpoint\" dir=\"auto\" spellcheck=\"false\" href=\"https:\/\/www.youtube.com\/redirect?event=video_description&amp;redir_token=QUFFLUhqa05nZTlsQXhaZHNfY1ZVVktOM1plSndJLUI5QXxBQ3Jtc0ttSEtRTElVbjdGUHlYQzZhcnNMODdFbXJfa3g1NG5Mc0hsaVZKUlhFRUtmcXVLWTl5c1FXU2NLalhDWjRQbEpfSlBldnpjNUplRXVLZXJmS2NvM3B4Q3pfUnJUOWw4VUVMRkUzd2VDZUhVbDZKaEUxcw&amp;q=https%3A%2F%2Fwww.instagram.com%2Ftejiendoamimigurumis\" target=\"_blank\" rel=\"nofollow noopener\">https:<\/a><a href=\"\/\/www.instagram.com\/tejiendoamigurumis\">\/\/www.instagram.com\/tejiendoamigurumis <\/a><\/span><\/div>\n<div class=\"\"><span class=\"style-scope yt-formatted-string\" dir=\"auto\">Tik Tok: \u25ba <a class=\"style-scope yt-formatted-string yt-simple-endpoint\" dir=\"auto\" spellcheck=\"false\" href=\"https:\/\/www.youtube.com\/redirect?event=video_description&amp;redir_token=QUFFLUhqa1FMdnJlQzQ3OUhjOGFnNWZuOVNINTU5S0ViZ3xBQ3Jtc0traDlaWm9aSkI4M2JoS1MzM2Y3YjVlY1A4MlI3U3pyeFJRM2dJR19CXzNBME9tZmtNT0ViRHllV0JvcWp1bHNGcmhZSTg3QWlsb29BVllIRndvSWpRQ3FHS2pUR2s1NVluVUU0WGJFblkwU0dWcGd5Zw&amp;q=https%3A%2F%2Fvm.tiktok.com%2FZMJTqLMSK%2F%E2%80%8B\" target=\"_blank\" rel=\"nofollow noopener\">https:\/\/vm.tiktok.com\/ZMJTqLMSK\/\u200b<\/a> <\/span><\/div>\n<div class=\"\"><span class=\"style-scope yt-formatted-string\" dir=\"auto\">Telegram: \u25ba <a class=\"style-scope yt-formatted-string yt-simple-endpoint\" dir=\"auto\" spellcheck=\"false\" href=\"https:\/\/www.youtube.com\/redirect?event=video_description&amp;redir_token=QUFFLUhqa1RmYmthVllHYzVNM1Vnd2k4eFhQRnczektzQXxBQ3Jtc0trSERaendyalN4ZzZnWWVoTmplTDYydFI4VURoTGV5c1h5QVJmYy1vMVdTNVNVNTRYSzI2Yk9rM0JDb1dkZ3ViTUdkTHNFTVVYdmdKTmFSSXZrMzNzX2taRFY0LU5jSlpjOUMzYUJGMjl4MWVOdlRWYw&amp;q=https%3A%2F%2Ft.me%2Ftejiendolosamigurumis%E2%80%8B\" target=\"_blank\" rel=\"nofollow noopener\">https:\/\/t.me\/tejiendolosamigurumis\u200b<\/a> <\/span><\/div>\n<div class=\"\"><span class=\"style-scope yt-formatted-string\" dir=\"auto\">WhatsApp: \u25ba &#x1f1f2;&#x1f1fd; +52 331 084 2082<\/span><\/div>\n<\/div>\n<\/div>\n<p>[\/et_pb_text][\/et_pb_column][\/et_pb_row][\/et_pb_section]<\/p>\n","protected":false},"excerpt":{"rendered":"<p>Hola a todos, en esta entrada me gustaria comentar acerca de un dise\u00f1o del cual fuimos pioneros gracias a un pedido que me requirieron personalizado. Generalmente las figuras de las cuales promocionamos nuestros cursos han sido pedidos personalizados que nos requieren nuestros clientes. Esas figuras, despu\u00e9s las publicamos y asi se va dando nuestro proceso [&hellip;]<\/p>\n","protected":false},"author":22,"featured_media":12252,"comment_status":"open","ping_status":"open","sticky":false,"template":"","format":"standard","meta":{"_et_pb_use_builder":"on","_et_pb_old_content":"","_et_gb_content_width":"","pmpro_default_level":"","footnotes":""},"categories":[16],"tags":[28,58,78,63,77,68,62],"class_list":["post-12240","post","type-post","status-publish","format-standard","has-post-thumbnail","hentry","category-blog","tag-amigurumi","tag-amigurumie","tag-amigurumies","tag-funko","tag-funkoamigurumi","tag-funkopoamigurumi","tag-funkopop","pmpro-has-access"],"yoast_head":"<!-- This site is optimized with the Yoast SEO plugin v27.4 - https:\/\/yoast.com\/product\/yoast-seo-wordpress\/ -->\n<title>Orgullosos de ser los primeros en dise\u00f1o Funko pop - Tejiendo Amigurumis<\/title>\n<meta name=\"robots\" content=\"index, follow, max-snippet:-1, max-image-preview:large, max-video-preview:-1\" \/>\n<link rel=\"canonical\" href=\"https:\/\/tejiendoamigurumis.com\/miembro\/orgullosos-de-ser-los-primeros-en-diseno-funko-pop\/\" \/>\n<meta property=\"og:locale\" content=\"es_ES\" \/>\n<meta property=\"og:type\" content=\"article\" \/>\n<meta property=\"og:title\" content=\"Orgullosos de ser los primeros en dise\u00f1o Funko pop - Tejiendo Amigurumis\" \/>\n<meta property=\"og:description\" content=\"Hola a todos, en esta entrada me gustaria comentar acerca de un dise\u00f1o del cual fuimos pioneros gracias a un pedido que me requirieron personalizado. Generalmente las figuras de las cuales promocionamos nuestros cursos han sido pedidos personalizados que nos requieren nuestros clientes. Esas figuras, despu\u00e9s las publicamos y asi se va dando nuestro proceso [&hellip;]\" \/>\n<meta property=\"og:url\" content=\"https:\/\/tejiendoamigurumis.com\/miembro\/orgullosos-de-ser-los-primeros-en-diseno-funko-pop\/\" \/>\n<meta property=\"og:site_name\" content=\"Tejiendo Amigurumis\" \/>\n<meta property=\"article:publisher\" content=\"https:\/\/www.facebook.com\/tejiendolosamigurumis\" \/>\n<meta property=\"article:published_time\" content=\"2023-06-01T21:46:24+00:00\" \/>\n<meta property=\"article:modified_time\" content=\"2023-06-01T21:46:28+00:00\" \/>\n<meta property=\"og:image\" content=\"https:\/\/tejiendoamigurumis.com\/miembro\/wp-content\/uploads\/2023\/05\/Los.jpg\" \/>\n\t<meta property=\"og:image:width\" content=\"940\" \/>\n\t<meta property=\"og:image:height\" content=\"788\" \/>\n\t<meta property=\"og:image:type\" content=\"image\/jpeg\" \/>\n<meta name=\"author\" content=\"Marisol Saenz\" \/>\n<meta name=\"twitter:card\" content=\"summary_large_image\" \/>\n<meta name=\"twitter:creator\" content=\"@TejeAmigurumis\" \/>\n<meta name=\"twitter:site\" content=\"@TejeAmigurumis\" \/>\n<meta name=\"twitter:label1\" content=\"Escrito por\" \/>\n\t<meta name=\"twitter:data1\" content=\"Marisol Saenz\" \/>\n\t<meta name=\"twitter:label2\" content=\"Tiempo de lectura\" \/>\n\t<meta name=\"twitter:data2\" content=\"3 minutos\" \/>\n<script type=\"application\/ld+json\" class=\"yoast-schema-graph\">{\"@context\":\"https:\\\/\\\/schema.org\",\"@graph\":[{\"@type\":\"Article\",\"@id\":\"https:\\\/\\\/tejiendoamigurumis.com\\\/miembro\\\/orgullosos-de-ser-los-primeros-en-diseno-funko-pop\\\/#article\",\"isPartOf\":{\"@id\":\"https:\\\/\\\/tejiendoamigurumis.com\\\/miembro\\\/orgullosos-de-ser-los-primeros-en-diseno-funko-pop\\\/\"},\"author\":{\"name\":\"Marisol Saenz\",\"@id\":\"https:\\\/\\\/tejiendoamigurumis.com\\\/miembro\\\/#\\\/schema\\\/person\\\/420e593d98c521c7a35e4f8415d04b64\"},\"headline\":\"Orgullosos de ser los primeros en dise\u00f1o Funko pop\",\"datePublished\":\"2023-06-01T21:46:24+00:00\",\"dateModified\":\"2023-06-01T21:46:28+00:00\",\"mainEntityOfPage\":{\"@id\":\"https:\\\/\\\/tejiendoamigurumis.com\\\/miembro\\\/orgullosos-de-ser-los-primeros-en-diseno-funko-pop\\\/\"},\"wordCount\":686,\"commentCount\":0,\"publisher\":{\"@id\":\"https:\\\/\\\/tejiendoamigurumis.com\\\/miembro\\\/#organization\"},\"image\":{\"@id\":\"https:\\\/\\\/tejiendoamigurumis.com\\\/miembro\\\/orgullosos-de-ser-los-primeros-en-diseno-funko-pop\\\/#primaryimage\"},\"thumbnailUrl\":\"https:\\\/\\\/tejiendoamigurumis.com\\\/miembro\\\/wp-content\\\/uploads\\\/2023\\\/05\\\/Los.jpg\",\"keywords\":[\"Amigurumi\",\"amigurumie\",\"amigurumies\",\"funko\",\"funkoamigurumi\",\"funkopoamigurumi\",\"funkopop\"],\"articleSection\":[\"Blog\"],\"inLanguage\":\"es\",\"potentialAction\":[{\"@type\":\"CommentAction\",\"name\":\"Comment\",\"target\":[\"https:\\\/\\\/tejiendoamigurumis.com\\\/miembro\\\/orgullosos-de-ser-los-primeros-en-diseno-funko-pop\\\/#respond\"]}]},{\"@type\":\"WebPage\",\"@id\":\"https:\\\/\\\/tejiendoamigurumis.com\\\/miembro\\\/orgullosos-de-ser-los-primeros-en-diseno-funko-pop\\\/\",\"url\":\"https:\\\/\\\/tejiendoamigurumis.com\\\/miembro\\\/orgullosos-de-ser-los-primeros-en-diseno-funko-pop\\\/\",\"name\":\"Orgullosos de ser los primeros en dise\u00f1o Funko pop - Tejiendo Amigurumis\",\"isPartOf\":{\"@id\":\"https:\\\/\\\/tejiendoamigurumis.com\\\/miembro\\\/#website\"},\"primaryImageOfPage\":{\"@id\":\"https:\\\/\\\/tejiendoamigurumis.com\\\/miembro\\\/orgullosos-de-ser-los-primeros-en-diseno-funko-pop\\\/#primaryimage\"},\"image\":{\"@id\":\"https:\\\/\\\/tejiendoamigurumis.com\\\/miembro\\\/orgullosos-de-ser-los-primeros-en-diseno-funko-pop\\\/#primaryimage\"},\"thumbnailUrl\":\"https:\\\/\\\/tejiendoamigurumis.com\\\/miembro\\\/wp-content\\\/uploads\\\/2023\\\/05\\\/Los.jpg\",\"datePublished\":\"2023-06-01T21:46:24+00:00\",\"dateModified\":\"2023-06-01T21:46:28+00:00\",\"breadcrumb\":{\"@id\":\"https:\\\/\\\/tejiendoamigurumis.com\\\/miembro\\\/orgullosos-de-ser-los-primeros-en-diseno-funko-pop\\\/#breadcrumb\"},\"inLanguage\":\"es\",\"potentialAction\":[{\"@type\":\"ReadAction\",\"target\":[\"https:\\\/\\\/tejiendoamigurumis.com\\\/miembro\\\/orgullosos-de-ser-los-primeros-en-diseno-funko-pop\\\/\"]}]},{\"@type\":\"ImageObject\",\"inLanguage\":\"es\",\"@id\":\"https:\\\/\\\/tejiendoamigurumis.com\\\/miembro\\\/orgullosos-de-ser-los-primeros-en-diseno-funko-pop\\\/#primaryimage\",\"url\":\"https:\\\/\\\/tejiendoamigurumis.com\\\/miembro\\\/wp-content\\\/uploads\\\/2023\\\/05\\\/Los.jpg\",\"contentUrl\":\"https:\\\/\\\/tejiendoamigurumis.com\\\/miembro\\\/wp-content\\\/uploads\\\/2023\\\/05\\\/Los.jpg\",\"width\":940,\"height\":788},{\"@type\":\"BreadcrumbList\",\"@id\":\"https:\\\/\\\/tejiendoamigurumis.com\\\/miembro\\\/orgullosos-de-ser-los-primeros-en-diseno-funko-pop\\\/#breadcrumb\",\"itemListElement\":[{\"@type\":\"ListItem\",\"position\":1,\"name\":\"Portada\",\"item\":\"https:\\\/\\\/tejiendoamigurumis.com\\\/miembro\\\/\"},{\"@type\":\"ListItem\",\"position\":2,\"name\":\"Orgullosos de ser los primeros en dise\u00f1o Funko pop\"}]},{\"@type\":\"WebSite\",\"@id\":\"https:\\\/\\\/tejiendoamigurumis.com\\\/miembro\\\/#website\",\"url\":\"https:\\\/\\\/tejiendoamigurumis.com\\\/miembro\\\/\",\"name\":\"Tejiendo Amigurumis\",\"description\":\"Sitio para miembros\",\"publisher\":{\"@id\":\"https:\\\/\\\/tejiendoamigurumis.com\\\/miembro\\\/#organization\"},\"potentialAction\":[{\"@type\":\"SearchAction\",\"target\":{\"@type\":\"EntryPoint\",\"urlTemplate\":\"https:\\\/\\\/tejiendoamigurumis.com\\\/miembro\\\/?s={search_term_string}\"},\"query-input\":{\"@type\":\"PropertyValueSpecification\",\"valueRequired\":true,\"valueName\":\"search_term_string\"}}],\"inLanguage\":\"es\"},{\"@type\":\"Organization\",\"@id\":\"https:\\\/\\\/tejiendoamigurumis.com\\\/miembro\\\/#organization\",\"name\":\"Tejiendo Amigurumis\",\"url\":\"https:\\\/\\\/tejiendoamigurumis.com\\\/miembro\\\/\",\"logo\":{\"@type\":\"ImageObject\",\"inLanguage\":\"es\",\"@id\":\"https:\\\/\\\/tejiendoamigurumis.com\\\/miembro\\\/#\\\/schema\\\/logo\\\/image\\\/\",\"url\":\"https:\\\/\\\/tejiendoamigurumis.com\\\/miembro\\\/wp-content\\\/uploads\\\/2016\\\/12\\\/LogoHD-1sml.png\",\"contentUrl\":\"https:\\\/\\\/tejiendoamigurumis.com\\\/miembro\\\/wp-content\\\/uploads\\\/2016\\\/12\\\/LogoHD-1sml.png\",\"width\":400,\"height\":188,\"caption\":\"Tejiendo Amigurumis\"},\"image\":{\"@id\":\"https:\\\/\\\/tejiendoamigurumis.com\\\/miembro\\\/#\\\/schema\\\/logo\\\/image\\\/\"},\"sameAs\":[\"https:\\\/\\\/www.facebook.com\\\/tejiendolosamigurumis\",\"https:\\\/\\\/x.com\\\/TejeAmigurumis\",\"https:\\\/\\\/www.linkedin.com\\\/in\\\/marisol-saenz-02796029\\\/\",\"https:\\\/\\\/www.youtube.com\\\/@TejiendoAmigurumis\",\"https:\\\/\\\/mx.pinterest.com\\\/MarisolSaenz11\\\/\",\"https:\\\/\\\/www.instagram.com\\\/tejiendoamigurumis\\\/\",\"https:\\\/\\\/web.telegram.org\\\/a\\\/#-1001224398166\"]},{\"@type\":\"Person\",\"@id\":\"https:\\\/\\\/tejiendoamigurumis.com\\\/miembro\\\/#\\\/schema\\\/person\\\/420e593d98c521c7a35e4f8415d04b64\",\"name\":\"Marisol Saenz\",\"image\":{\"@type\":\"ImageObject\",\"inLanguage\":\"es\",\"@id\":\"https:\\\/\\\/secure.gravatar.com\\\/avatar\\\/100e96e23ad9914b49b61a1199fcf756bd738bdb09045462f18365f6637aa926?s=96&d=mm&r=g\",\"url\":\"https:\\\/\\\/secure.gravatar.com\\\/avatar\\\/100e96e23ad9914b49b61a1199fcf756bd738bdb09045462f18365f6637aa926?s=96&d=mm&r=g\",\"contentUrl\":\"https:\\\/\\\/secure.gravatar.com\\\/avatar\\\/100e96e23ad9914b49b61a1199fcf756bd738bdb09045462f18365f6637aa926?s=96&d=mm&r=g\",\"caption\":\"Marisol Saenz\"},\"url\":\"https:\\\/\\\/tejiendoamigurumis.com\\\/miembro\\\/author\\\/marisolsaenz\\\/\"}]}<\/script>\n<!-- \/ Yoast SEO plugin. -->","yoast_head_json":{"title":"Orgullosos de ser los primeros en dise\u00f1o Funko pop - Tejiendo Amigurumis","robots":{"index":"index","follow":"follow","max-snippet":"max-snippet:-1","max-image-preview":"max-image-preview:large","max-video-preview":"max-video-preview:-1"},"canonical":"https:\/\/tejiendoamigurumis.com\/miembro\/orgullosos-de-ser-los-primeros-en-diseno-funko-pop\/","og_locale":"es_ES","og_type":"article","og_title":"Orgullosos de ser los primeros en dise\u00f1o Funko pop - Tejiendo Amigurumis","og_description":"Hola a todos, en esta entrada me gustaria comentar acerca de un dise\u00f1o del cual fuimos pioneros gracias a un pedido que me requirieron personalizado. Generalmente las figuras de las cuales promocionamos nuestros cursos han sido pedidos personalizados que nos requieren nuestros clientes. Esas figuras, despu\u00e9s las publicamos y asi se va dando nuestro proceso [&hellip;]","og_url":"https:\/\/tejiendoamigurumis.com\/miembro\/orgullosos-de-ser-los-primeros-en-diseno-funko-pop\/","og_site_name":"Tejiendo Amigurumis","article_publisher":"https:\/\/www.facebook.com\/tejiendolosamigurumis","article_published_time":"2023-06-01T21:46:24+00:00","article_modified_time":"2023-06-01T21:46:28+00:00","og_image":[{"width":940,"height":788,"url":"https:\/\/tejiendoamigurumis.com\/miembro\/wp-content\/uploads\/2023\/05\/Los.jpg","type":"image\/jpeg"}],"author":"Marisol Saenz","twitter_card":"summary_large_image","twitter_creator":"@TejeAmigurumis","twitter_site":"@TejeAmigurumis","twitter_misc":{"Escrito por":"Marisol Saenz","Tiempo de lectura":"3 minutos"},"schema":{"@context":"https:\/\/schema.org","@graph":[{"@type":"Article","@id":"https:\/\/tejiendoamigurumis.com\/miembro\/orgullosos-de-ser-los-primeros-en-diseno-funko-pop\/#article","isPartOf":{"@id":"https:\/\/tejiendoamigurumis.com\/miembro\/orgullosos-de-ser-los-primeros-en-diseno-funko-pop\/"},"author":{"name":"Marisol Saenz","@id":"https:\/\/tejiendoamigurumis.com\/miembro\/#\/schema\/person\/420e593d98c521c7a35e4f8415d04b64"},"headline":"Orgullosos de ser los primeros en dise\u00f1o Funko pop","datePublished":"2023-06-01T21:46:24+00:00","dateModified":"2023-06-01T21:46:28+00:00","mainEntityOfPage":{"@id":"https:\/\/tejiendoamigurumis.com\/miembro\/orgullosos-de-ser-los-primeros-en-diseno-funko-pop\/"},"wordCount":686,"commentCount":0,"publisher":{"@id":"https:\/\/tejiendoamigurumis.com\/miembro\/#organization"},"image":{"@id":"https:\/\/tejiendoamigurumis.com\/miembro\/orgullosos-de-ser-los-primeros-en-diseno-funko-pop\/#primaryimage"},"thumbnailUrl":"https:\/\/tejiendoamigurumis.com\/miembro\/wp-content\/uploads\/2023\/05\/Los.jpg","keywords":["Amigurumi","amigurumie","amigurumies","funko","funkoamigurumi","funkopoamigurumi","funkopop"],"articleSection":["Blog"],"inLanguage":"es","potentialAction":[{"@type":"CommentAction","name":"Comment","target":["https:\/\/tejiendoamigurumis.com\/miembro\/orgullosos-de-ser-los-primeros-en-diseno-funko-pop\/#respond"]}]},{"@type":"WebPage","@id":"https:\/\/tejiendoamigurumis.com\/miembro\/orgullosos-de-ser-los-primeros-en-diseno-funko-pop\/","url":"https:\/\/tejiendoamigurumis.com\/miembro\/orgullosos-de-ser-los-primeros-en-diseno-funko-pop\/","name":"Orgullosos de ser los primeros en dise\u00f1o Funko pop - Tejiendo Amigurumis","isPartOf":{"@id":"https:\/\/tejiendoamigurumis.com\/miembro\/#website"},"primaryImageOfPage":{"@id":"https:\/\/tejiendoamigurumis.com\/miembro\/orgullosos-de-ser-los-primeros-en-diseno-funko-pop\/#primaryimage"},"image":{"@id":"https:\/\/tejiendoamigurumis.com\/miembro\/orgullosos-de-ser-los-primeros-en-diseno-funko-pop\/#primaryimage"},"thumbnailUrl":"https:\/\/tejiendoamigurumis.com\/miembro\/wp-content\/uploads\/2023\/05\/Los.jpg","datePublished":"2023-06-01T21:46:24+00:00","dateModified":"2023-06-01T21:46:28+00:00","breadcrumb":{"@id":"https:\/\/tejiendoamigurumis.com\/miembro\/orgullosos-de-ser-los-primeros-en-diseno-funko-pop\/#breadcrumb"},"inLanguage":"es","potentialAction":[{"@type":"ReadAction","target":["https:\/\/tejiendoamigurumis.com\/miembro\/orgullosos-de-ser-los-primeros-en-diseno-funko-pop\/"]}]},{"@type":"ImageObject","inLanguage":"es","@id":"https:\/\/tejiendoamigurumis.com\/miembro\/orgullosos-de-ser-los-primeros-en-diseno-funko-pop\/#primaryimage","url":"https:\/\/tejiendoamigurumis.com\/miembro\/wp-content\/uploads\/2023\/05\/Los.jpg","contentUrl":"https:\/\/tejiendoamigurumis.com\/miembro\/wp-content\/uploads\/2023\/05\/Los.jpg","width":940,"height":788},{"@type":"BreadcrumbList","@id":"https:\/\/tejiendoamigurumis.com\/miembro\/orgullosos-de-ser-los-primeros-en-diseno-funko-pop\/#breadcrumb","itemListElement":[{"@type":"ListItem","position":1,"name":"Portada","item":"https:\/\/tejiendoamigurumis.com\/miembro\/"},{"@type":"ListItem","position":2,"name":"Orgullosos de ser los primeros en dise\u00f1o Funko pop"}]},{"@type":"WebSite","@id":"https:\/\/tejiendoamigurumis.com\/miembro\/#website","url":"https:\/\/tejiendoamigurumis.com\/miembro\/","name":"Tejiendo Amigurumis","description":"Sitio para miembros","publisher":{"@id":"https:\/\/tejiendoamigurumis.com\/miembro\/#organization"},"potentialAction":[{"@type":"SearchAction","target":{"@type":"EntryPoint","urlTemplate":"https:\/\/tejiendoamigurumis.com\/miembro\/?s={search_term_string}"},"query-input":{"@type":"PropertyValueSpecification","valueRequired":true,"valueName":"search_term_string"}}],"inLanguage":"es"},{"@type":"Organization","@id":"https:\/\/tejiendoamigurumis.com\/miembro\/#organization","name":"Tejiendo Amigurumis","url":"https:\/\/tejiendoamigurumis.com\/miembro\/","logo":{"@type":"ImageObject","inLanguage":"es","@id":"https:\/\/tejiendoamigurumis.com\/miembro\/#\/schema\/logo\/image\/","url":"https:\/\/tejiendoamigurumis.com\/miembro\/wp-content\/uploads\/2016\/12\/LogoHD-1sml.png","contentUrl":"https:\/\/tejiendoamigurumis.com\/miembro\/wp-content\/uploads\/2016\/12\/LogoHD-1sml.png","width":400,"height":188,"caption":"Tejiendo Amigurumis"},"image":{"@id":"https:\/\/tejiendoamigurumis.com\/miembro\/#\/schema\/logo\/image\/"},"sameAs":["https:\/\/www.facebook.com\/tejiendolosamigurumis","https:\/\/x.com\/TejeAmigurumis","https:\/\/www.linkedin.com\/in\/marisol-saenz-02796029\/","https:\/\/www.youtube.com\/@TejiendoAmigurumis","https:\/\/mx.pinterest.com\/MarisolSaenz11\/","https:\/\/www.instagram.com\/tejiendoamigurumis\/","https:\/\/web.telegram.org\/a\/#-1001224398166"]},{"@type":"Person","@id":"https:\/\/tejiendoamigurumis.com\/miembro\/#\/schema\/person\/420e593d98c521c7a35e4f8415d04b64","name":"Marisol Saenz","image":{"@type":"ImageObject","inLanguage":"es","@id":"https:\/\/secure.gravatar.com\/avatar\/100e96e23ad9914b49b61a1199fcf756bd738bdb09045462f18365f6637aa926?s=96&d=mm&r=g","url":"https:\/\/secure.gravatar.com\/avatar\/100e96e23ad9914b49b61a1199fcf756bd738bdb09045462f18365f6637aa926?s=96&d=mm&r=g","contentUrl":"https:\/\/secure.gravatar.com\/avatar\/100e96e23ad9914b49b61a1199fcf756bd738bdb09045462f18365f6637aa926?s=96&d=mm&r=g","caption":"Marisol Saenz"},"url":"https:\/\/tejiendoamigurumis.com\/miembro\/author\/marisolsaenz\/"}]}},"jetpack_featured_media_url":"https:\/\/tejiendoamigurumis.com\/miembro\/wp-content\/uploads\/2023\/05\/Los.jpg","_links":{"self":[{"href":"https:\/\/tejiendoamigurumis.com\/miembro\/wp-json\/wp\/v2\/posts\/12240","targetHints":{"allow":["GET"]}}],"collection":[{"href":"https:\/\/tejiendoamigurumis.com\/miembro\/wp-json\/wp\/v2\/posts"}],"about":[{"href":"https:\/\/tejiendoamigurumis.com\/miembro\/wp-json\/wp\/v2\/types\/post"}],"author":[{"embeddable":true,"href":"https:\/\/tejiendoamigurumis.com\/miembro\/wp-json\/wp\/v2\/users\/22"}],"replies":[{"embeddable":true,"href":"https:\/\/tejiendoamigurumis.com\/miembro\/wp-json\/wp\/v2\/comments?post=12240"}],"version-history":[{"count":10,"href":"https:\/\/tejiendoamigurumis.com\/miembro\/wp-json\/wp\/v2\/posts\/12240\/revisions"}],"predecessor-version":[{"id":12320,"href":"https:\/\/tejiendoamigurumis.com\/miembro\/wp-json\/wp\/v2\/posts\/12240\/revisions\/12320"}],"wp:featuredmedia":[{"embeddable":true,"href":"https:\/\/tejiendoamigurumis.com\/miembro\/wp-json\/wp\/v2\/media\/12252"}],"wp:attachment":[{"href":"https:\/\/tejiendoamigurumis.com\/miembro\/wp-json\/wp\/v2\/media?parent=12240"}],"wp:term":[{"taxonomy":"category","embeddable":true,"href":"https:\/\/tejiendoamigurumis.com\/miembro\/wp-json\/wp\/v2\/categories?post=12240"},{"taxonomy":"post_tag","embeddable":true,"href":"https:\/\/tejiendoamigurumis.com\/miembro\/wp-json\/wp\/v2\/tags?post=12240"}],"curies":[{"name":"wp","href":"https:\/\/api.w.org\/{rel}","templated":true}]}}