{"id":11436,"date":"2022-08-01T10:07:17","date_gmt":"2022-08-01T16:07:17","guid":{"rendered":"https:\/\/tejiendoamigurumis.com\/miembro\/?p=11436"},"modified":"2022-08-01T10:07:22","modified_gmt":"2022-08-01T16:07:22","slug":"tejiendo-amigurumis-te-invita-a-expo-merceria-y-manualidades-sede-guadalajara","status":"publish","type":"post","link":"https:\/\/tejiendoamigurumis.com\/miembro\/tejiendo-amigurumis-te-invita-a-expo-merceria-y-manualidades-sede-guadalajara\/","title":{"rendered":"Tejiendo Amigurumis te invita a Expo Mercer\u00eda y Manualidades sede Guadalajara"},"content":{"rendered":"<p>[et_pb_section fb_built=\u00bb1&#8243; admin_label=\u00bbsection\u00bb _builder_version=\u00bb4.16&#8243; global_colors_info=\u00bb{}\u00bb][et_pb_row admin_label=\u00bbrow\u00bb _builder_version=\u00bb4.16&#8243; background_size=\u00bbinitial\u00bb background_position=\u00bbtop_left\u00bb background_repeat=\u00bbrepeat\u00bb global_colors_info=\u00bb{}\u00bb][et_pb_column type=\u00bb4_4&#8243; _builder_version=\u00bb4.16&#8243; custom_padding=\u00bb|||\u00bb global_colors_info=\u00bb{}\u00bb custom_padding__hover=\u00bb|||\u00bb][et_pb_text _builder_version=\u00bb4.17.4&#8243; background_size=\u00bbinitial\u00bb background_position=\u00bbtop_left\u00bb background_repeat=\u00bbrepeat\u00bb border_style=\u00bbsolid\u00bb global_colors_info=\u00bb{}\u00bb]<\/p>\n<p>Hola a toda nuestra comunidad, tenemos una grata noticia, Tejiendo Amigurumis, los invita en nuestra ciudad sede Guadalajara Jalisco a la Expo Mercer\u00eda y Manualidades. Se llevar\u00e1 a cabo del dia 25 al 27 de Agosto de 2022.<\/p>\n<p>Esta expo tiene la finalidad de mostrar negocios que hacen sus productos de forma artesanal.<\/p>\n<p>La dinamica es la siguiente, en nuestro sitio <strong>Reg\u00edstrate hasta el 18 de Agosto y el d\u00eda 19 de Agosto 2022 haremos un live en nuestras redes donde regalaremos entradas a Expo Mercer\u00eda y Manualidades 2022.<\/strong><\/p>\n<p>La expo se llevar\u00e1 a cabo en la EXPO GUADALAJARA.<\/p>\n<p>Inscr\u00edbete en la dinamica en esta liga: <a href=\"https:\/\/tejiendoamigurumis.com\/miembro\/\">https:\/\/tejiendoamigurumis.com\/miembro\/<\/a> (en la ventana emergente, podr\u00e1s registrar tus datos con los que el dia 19 de Agosto informaremos los ganadores).<\/p>\n<div class=\"\"><span class=\"style-scope yt-formatted-string\" dir=\"auto\">Puedes compartir tus dudas en la secci\u00f3n de comentarios o puedes mandarlas al correo: <a class=\"\" href=\"mailto:contacto@tejiendoamigurumis.com\">contacto@tejiendoamigurumis.com<\/a><\/span><\/div>\n<div class=\"\">\n<div class=\"\">Tambi\u00e9n tenemos contacto todo el tiempo a trav\u00e9s de nuestro n\u00famero de\u00a0<b class=\"\"><i class=\"\"><span class=\"\" style=\"font-size: large;\">whats app o telegram 3310842082<\/span><\/i><\/b><\/div>\n<div class=\"\"><b class=\"\"><i class=\"\">\u00a0<\/i><\/b><\/div>\n<div class=\"\">\n<div class=\"\"><span class=\"style-scope yt-formatted-string\" dir=\"auto\">S\u00edguenos en nuestras redes sociales:<\/span><\/div>\n<div class=\"\"><span class=\"style-scope yt-formatted-string\" dir=\"auto\"> Facebook: \u25ba <a class=\"style-scope yt-formatted-string yt-simple-endpoint\" dir=\"auto\" spellcheck=\"false\" href=\"https:\/\/www.youtube.com\/redirect?event=video_description&amp;redir_token=QUFFLUhqbms3cTlTaHp4ZmM0V1pKbDRuRE9TN2xRNGFnd3xBQ3Jtc0ttWHhteTZId3EwdG9wVnBrNk9XSFBtLW84Q3BCaXdzWjdHc09rRGZjSjhQUU9tSENaQ0dZNi1WWUxxc3Vkd19lTDdqSGdKN0c3VVVfTzI5ZVdXOGVRaHc3alZfcGp5MWVETUF1LUgzRjJyQnJhb1lkbw&amp;q=https%3A%2F%2Fwww.facebook.com%2Ftejiendolosamigurumis\" target=\"_blank\" rel=\"nofollow noopener\">https:\/\/www.facebook.com\/tejiendolosamigurumis<\/a>\u00a0<\/span><\/div>\n<div class=\"\"><span class=\"style-scope yt-formatted-string\" dir=\"auto\">Twitter: \u25ba <a class=\"style-scope yt-formatted-string yt-simple-endpoint\" dir=\"auto\" spellcheck=\"false\" href=\"https:\/\/www.youtube.com\/redirect?event=video_description&amp;redir_token=QUFFLUhqbm1TS0FUWlJuWXJpQ08xcEk0SlY2NWJsUzNVUXxBQ3Jtc0ttcGx2Z0loOEY5ZVRRMGx5MUZyd3RRLWNaVzhYNW5RZDdsSnA4TlNwUFFlQzVzZ2REVWozcFlidkNnY0VuUm1pN1JHNUtWd2s3VWljRnZMX3EtbU5Da1U5WGRwQUtYRWt6clBzWDVFWElaMkRBYTdYaw&amp;q=https%3A%2F%2Ftwitter.com%2FTejeAmigurumis%E2%80%8B%E2%80%8B%E2%80%8B%E2%80%8B\" target=\"_blank\" rel=\"nofollow noopener\">https:\/\/twitter.com\/TejeAmigurumis\u200b\u200b\u200b\u200b<\/a> <\/span><\/div>\n<div class=\"\"><span class=\"style-scope yt-formatted-string\" dir=\"auto\">Instagram: \u25ba <a class=\"style-scope yt-formatted-string yt-simple-endpoint\" dir=\"auto\" spellcheck=\"false\" href=\"https:\/\/www.youtube.com\/redirect?event=video_description&amp;redir_token=QUFFLUhqa05nZTlsQXhaZHNfY1ZVVktOM1plSndJLUI5QXxBQ3Jtc0ttSEtRTElVbjdGUHlYQzZhcnNMODdFbXJfa3g1NG5Mc0hsaVZKUlhFRUtmcXVLWTl5c1FXU2NLalhDWjRQbEpfSlBldnpjNUplRXVLZXJmS2NvM3B4Q3pfUnJUOWw4VUVMRkUzd2VDZUhVbDZKaEUxcw&amp;q=https%3A%2F%2Fwww.instagram.com%2Ftejiendoamimigurumis\" target=\"_blank\" rel=\"nofollow noopener\">https:\/\/www.instagram.com\/tejiendoamigurumis<\/a><\/span><\/div>\n<div class=\"\"><span class=\"style-scope yt-formatted-string\" dir=\"auto\">Tik Tok: \u25ba <a class=\"style-scope yt-formatted-string yt-simple-endpoint\" dir=\"auto\" spellcheck=\"false\" href=\"https:\/\/www.youtube.com\/redirect?event=video_description&amp;redir_token=QUFFLUhqa1FMdnJlQzQ3OUhjOGFnNWZuOVNINTU5S0ViZ3xBQ3Jtc0traDlaWm9aSkI4M2JoS1MzM2Y3YjVlY1A4MlI3U3pyeFJRM2dJR19CXzNBME9tZmtNT0ViRHllV0JvcWp1bHNGcmhZSTg3QWlsb29BVllIRndvSWpRQ3FHS2pUR2s1NVluVUU0WGJFblkwU0dWcGd5Zw&amp;q=https%3A%2F%2Fvm.tiktok.com%2FZMJTqLMSK%2F%E2%80%8B\" target=\"_blank\" rel=\"nofollow noopener\">https:\/\/vm.tiktok.com\/ZMJTqLMSK\/\u200b<\/a> <\/span><\/div>\n<div class=\"\"><span class=\"style-scope yt-formatted-string\" dir=\"auto\">Telegram: \u25ba <a class=\"style-scope yt-formatted-string yt-simple-endpoint\" dir=\"auto\" spellcheck=\"false\" href=\"https:\/\/www.youtube.com\/redirect?event=video_description&amp;redir_token=QUFFLUhqa1RmYmthVllHYzVNM1Vnd2k4eFhQRnczektzQXxBQ3Jtc0trSERaendyalN4ZzZnWWVoTmplTDYydFI4VURoTGV5c1h5QVJmYy1vMVdTNVNVNTRYSzI2Yk9rM0JDb1dkZ3ViTUdkTHNFTVVYdmdKTmFSSXZrMzNzX2taRFY0LU5jSlpjOUMzYUJGMjl4MWVOdlRWYw&amp;q=https%3A%2F%2Ft.me%2Ftejiendolosamigurumis%E2%80%8B\" target=\"_blank\" rel=\"nofollow noopener\">https:\/\/t.me\/tejiendolosamigurumis\u200b<\/a> <\/span><\/div>\n<div class=\"\"><span class=\"style-scope yt-formatted-string\" dir=\"auto\">WhatsApp: \u25ba &#x1f1f2;&#x1f1fd; +52 331 084 2082<\/span><\/div>\n<div>\u00a0<\/div>\n<\/div>\n<\/div>\n<p>Un abrazo a todos!!<\/p>\n<p>&nbsp;<\/p>\n<p>&nbsp;<\/p>\n<p>[\/et_pb_text][et_pb_video src=\u00bbhttps:\/\/youtu.be\/KDbSISGGI-c\u00bb _builder_version=\u00bb4.17.4&#8243; _module_preset=\u00bbdefault\u00bb global_colors_info=\u00bb{}\u00bb][\/et_pb_video][et_pb_image src=\u00bbhttps:\/\/tejiendoamigurumis.com\/miembro\/wp-content\/uploads\/2022\/07\/Banner-EMM-GDL-800&#215;800-1.png\u00bb title_text=\u00bbBanner-EMM-GDL-800&#215;800-1&#8243; align=\u00bbcenter\u00bb align_tablet=\u00bbcenter\u00bb align_phone=\u00bbcenter\u00bb align_last_edited=\u00bbon|desktop\u00bb _builder_version=\u00bb4.17.4&#8243; use_border_color=\u00bboff\u00bb border_color=\u00bb#ffffff\u00bb border_style=\u00bbsolid\u00bb animation=\u00bboff\u00bb sticky=\u00bboff\u00bb always_center_on_mobile=\u00bbon\u00bb global_colors_info=\u00bb{}\u00bb][\/et_pb_image][\/et_pb_column][\/et_pb_row][\/et_pb_section]<\/p>\n","protected":false},"excerpt":{"rendered":"<p>Hola a toda nuestra comunidad, tenemos una grata noticia, Tejiendo Amigurumis, los invita en nuestra ciudad sede Guadalajara Jalisco a la Expo Mercer\u00eda y Manualidades. Se llevar\u00e1 a cabo del dia 25 al 27 de Agosto de 2022. Esta expo tiene la finalidad de mostrar negocios que hacen sus productos de forma artesanal. La dinamica [&hellip;]<\/p>\n","protected":false},"author":22,"featured_media":11443,"comment_status":"open","ping_status":"open","sticky":false,"template":"","format":"standard","meta":{"_et_pb_use_builder":"on","_et_pb_old_content":"","_et_gb_content_width":"","pmpro_default_level":"","footnotes":""},"categories":[16],"tags":[],"class_list":["post-11436","post","type-post","status-publish","format-standard","has-post-thumbnail","hentry","category-blog","pmpro-has-access"],"yoast_head":"<!-- This site is optimized with the Yoast SEO plugin v27.4 - https:\/\/yoast.com\/product\/yoast-seo-wordpress\/ -->\n<title>Tejiendo Amigurumis te invita a Expo Mercer\u00eda y Manualidades sede Guadalajara - Tejiendo Amigurumis<\/title>\n<meta name=\"robots\" content=\"index, follow, max-snippet:-1, max-image-preview:large, max-video-preview:-1\" \/>\n<link rel=\"canonical\" href=\"https:\/\/tejiendoamigurumis.com\/miembro\/tejiendo-amigurumis-te-invita-a-expo-merceria-y-manualidades-sede-guadalajara\/\" \/>\n<meta property=\"og:locale\" content=\"es_ES\" \/>\n<meta property=\"og:type\" content=\"article\" \/>\n<meta property=\"og:title\" content=\"Tejiendo Amigurumis te invita a Expo Mercer\u00eda y Manualidades sede Guadalajara - Tejiendo Amigurumis\" \/>\n<meta property=\"og:description\" content=\"Hola a toda nuestra comunidad, tenemos una grata noticia, Tejiendo Amigurumis, los invita en nuestra ciudad sede Guadalajara Jalisco a la Expo Mercer\u00eda y Manualidades. Se llevar\u00e1 a cabo del dia 25 al 27 de Agosto de 2022. Esta expo tiene la finalidad de mostrar negocios que hacen sus productos de forma artesanal. La dinamica [&hellip;]\" \/>\n<meta property=\"og:url\" content=\"https:\/\/tejiendoamigurumis.com\/miembro\/tejiendo-amigurumis-te-invita-a-expo-merceria-y-manualidades-sede-guadalajara\/\" \/>\n<meta property=\"og:site_name\" content=\"Tejiendo Amigurumis\" \/>\n<meta property=\"article:publisher\" content=\"https:\/\/www.facebook.com\/tejiendolosamigurumis\" \/>\n<meta property=\"article:published_time\" content=\"2022-08-01T16:07:17+00:00\" \/>\n<meta property=\"article:modified_time\" content=\"2022-08-01T16:07:22+00:00\" \/>\n<meta property=\"og:image\" content=\"https:\/\/tejiendoamigurumis.com\/miembro\/wp-content\/uploads\/2022\/07\/publicidad-expo-horizontal-1024x768.png\" \/>\n\t<meta property=\"og:image:width\" content=\"1024\" \/>\n\t<meta property=\"og:image:height\" content=\"768\" \/>\n\t<meta property=\"og:image:type\" content=\"image\/png\" \/>\n<meta name=\"author\" content=\"Marisol Saenz\" \/>\n<meta name=\"twitter:card\" content=\"summary_large_image\" \/>\n<meta name=\"twitter:creator\" content=\"@TejeAmigurumis\" \/>\n<meta name=\"twitter:site\" content=\"@TejeAmigurumis\" \/>\n<meta name=\"twitter:label1\" content=\"Escrito por\" \/>\n\t<meta name=\"twitter:data1\" content=\"Marisol Saenz\" \/>\n\t<meta name=\"twitter:label2\" content=\"Tiempo de lectura\" \/>\n\t<meta name=\"twitter:data2\" content=\"2 minutos\" \/>\n<script type=\"application\/ld+json\" class=\"yoast-schema-graph\">{\"@context\":\"https:\\\/\\\/schema.org\",\"@graph\":[{\"@type\":\"Article\",\"@id\":\"https:\\\/\\\/tejiendoamigurumis.com\\\/miembro\\\/tejiendo-amigurumis-te-invita-a-expo-merceria-y-manualidades-sede-guadalajara\\\/#article\",\"isPartOf\":{\"@id\":\"https:\\\/\\\/tejiendoamigurumis.com\\\/miembro\\\/tejiendo-amigurumis-te-invita-a-expo-merceria-y-manualidades-sede-guadalajara\\\/\"},\"author\":{\"name\":\"Marisol Saenz\",\"@id\":\"https:\\\/\\\/tejiendoamigurumis.com\\\/miembro\\\/#\\\/schema\\\/person\\\/420e593d98c521c7a35e4f8415d04b64\"},\"headline\":\"Tejiendo Amigurumis te invita a Expo Mercer\u00eda y Manualidades sede Guadalajara\",\"datePublished\":\"2022-08-01T16:07:17+00:00\",\"dateModified\":\"2022-08-01T16:07:22+00:00\",\"mainEntityOfPage\":{\"@id\":\"https:\\\/\\\/tejiendoamigurumis.com\\\/miembro\\\/tejiendo-amigurumis-te-invita-a-expo-merceria-y-manualidades-sede-guadalajara\\\/\"},\"wordCount\":383,\"commentCount\":0,\"publisher\":{\"@id\":\"https:\\\/\\\/tejiendoamigurumis.com\\\/miembro\\\/#organization\"},\"image\":{\"@id\":\"https:\\\/\\\/tejiendoamigurumis.com\\\/miembro\\\/tejiendo-amigurumis-te-invita-a-expo-merceria-y-manualidades-sede-guadalajara\\\/#primaryimage\"},\"thumbnailUrl\":\"https:\\\/\\\/tejiendoamigurumis.com\\\/miembro\\\/wp-content\\\/uploads\\\/2022\\\/07\\\/publicidad-expo-horizontal.png\",\"articleSection\":[\"Blog\"],\"inLanguage\":\"es\",\"potentialAction\":[{\"@type\":\"CommentAction\",\"name\":\"Comment\",\"target\":[\"https:\\\/\\\/tejiendoamigurumis.com\\\/miembro\\\/tejiendo-amigurumis-te-invita-a-expo-merceria-y-manualidades-sede-guadalajara\\\/#respond\"]}]},{\"@type\":\"WebPage\",\"@id\":\"https:\\\/\\\/tejiendoamigurumis.com\\\/miembro\\\/tejiendo-amigurumis-te-invita-a-expo-merceria-y-manualidades-sede-guadalajara\\\/\",\"url\":\"https:\\\/\\\/tejiendoamigurumis.com\\\/miembro\\\/tejiendo-amigurumis-te-invita-a-expo-merceria-y-manualidades-sede-guadalajara\\\/\",\"name\":\"Tejiendo Amigurumis te invita a Expo Mercer\u00eda y Manualidades sede Guadalajara - Tejiendo Amigurumis\",\"isPartOf\":{\"@id\":\"https:\\\/\\\/tejiendoamigurumis.com\\\/miembro\\\/#website\"},\"primaryImageOfPage\":{\"@id\":\"https:\\\/\\\/tejiendoamigurumis.com\\\/miembro\\\/tejiendo-amigurumis-te-invita-a-expo-merceria-y-manualidades-sede-guadalajara\\\/#primaryimage\"},\"image\":{\"@id\":\"https:\\\/\\\/tejiendoamigurumis.com\\\/miembro\\\/tejiendo-amigurumis-te-invita-a-expo-merceria-y-manualidades-sede-guadalajara\\\/#primaryimage\"},\"thumbnailUrl\":\"https:\\\/\\\/tejiendoamigurumis.com\\\/miembro\\\/wp-content\\\/uploads\\\/2022\\\/07\\\/publicidad-expo-horizontal.png\",\"datePublished\":\"2022-08-01T16:07:17+00:00\",\"dateModified\":\"2022-08-01T16:07:22+00:00\",\"breadcrumb\":{\"@id\":\"https:\\\/\\\/tejiendoamigurumis.com\\\/miembro\\\/tejiendo-amigurumis-te-invita-a-expo-merceria-y-manualidades-sede-guadalajara\\\/#breadcrumb\"},\"inLanguage\":\"es\",\"potentialAction\":[{\"@type\":\"ReadAction\",\"target\":[\"https:\\\/\\\/tejiendoamigurumis.com\\\/miembro\\\/tejiendo-amigurumis-te-invita-a-expo-merceria-y-manualidades-sede-guadalajara\\\/\"]}]},{\"@type\":\"ImageObject\",\"inLanguage\":\"es\",\"@id\":\"https:\\\/\\\/tejiendoamigurumis.com\\\/miembro\\\/tejiendo-amigurumis-te-invita-a-expo-merceria-y-manualidades-sede-guadalajara\\\/#primaryimage\",\"url\":\"https:\\\/\\\/tejiendoamigurumis.com\\\/miembro\\\/wp-content\\\/uploads\\\/2022\\\/07\\\/publicidad-expo-horizontal.png\",\"contentUrl\":\"https:\\\/\\\/tejiendoamigurumis.com\\\/miembro\\\/wp-content\\\/uploads\\\/2022\\\/07\\\/publicidad-expo-horizontal.png\",\"width\":1600,\"height\":1200},{\"@type\":\"BreadcrumbList\",\"@id\":\"https:\\\/\\\/tejiendoamigurumis.com\\\/miembro\\\/tejiendo-amigurumis-te-invita-a-expo-merceria-y-manualidades-sede-guadalajara\\\/#breadcrumb\",\"itemListElement\":[{\"@type\":\"ListItem\",\"position\":1,\"name\":\"Portada\",\"item\":\"https:\\\/\\\/tejiendoamigurumis.com\\\/miembro\\\/\"},{\"@type\":\"ListItem\",\"position\":2,\"name\":\"Tejiendo Amigurumis te invita a Expo Mercer\u00eda y Manualidades sede Guadalajara\"}]},{\"@type\":\"WebSite\",\"@id\":\"https:\\\/\\\/tejiendoamigurumis.com\\\/miembro\\\/#website\",\"url\":\"https:\\\/\\\/tejiendoamigurumis.com\\\/miembro\\\/\",\"name\":\"Tejiendo Amigurumis\",\"description\":\"Sitio para miembros\",\"publisher\":{\"@id\":\"https:\\\/\\\/tejiendoamigurumis.com\\\/miembro\\\/#organization\"},\"potentialAction\":[{\"@type\":\"SearchAction\",\"target\":{\"@type\":\"EntryPoint\",\"urlTemplate\":\"https:\\\/\\\/tejiendoamigurumis.com\\\/miembro\\\/?s={search_term_string}\"},\"query-input\":{\"@type\":\"PropertyValueSpecification\",\"valueRequired\":true,\"valueName\":\"search_term_string\"}}],\"inLanguage\":\"es\"},{\"@type\":\"Organization\",\"@id\":\"https:\\\/\\\/tejiendoamigurumis.com\\\/miembro\\\/#organization\",\"name\":\"Tejiendo Amigurumis\",\"url\":\"https:\\\/\\\/tejiendoamigurumis.com\\\/miembro\\\/\",\"logo\":{\"@type\":\"ImageObject\",\"inLanguage\":\"es\",\"@id\":\"https:\\\/\\\/tejiendoamigurumis.com\\\/miembro\\\/#\\\/schema\\\/logo\\\/image\\\/\",\"url\":\"https:\\\/\\\/tejiendoamigurumis.com\\\/miembro\\\/wp-content\\\/uploads\\\/2016\\\/12\\\/LogoHD-1sml.png\",\"contentUrl\":\"https:\\\/\\\/tejiendoamigurumis.com\\\/miembro\\\/wp-content\\\/uploads\\\/2016\\\/12\\\/LogoHD-1sml.png\",\"width\":400,\"height\":188,\"caption\":\"Tejiendo Amigurumis\"},\"image\":{\"@id\":\"https:\\\/\\\/tejiendoamigurumis.com\\\/miembro\\\/#\\\/schema\\\/logo\\\/image\\\/\"},\"sameAs\":[\"https:\\\/\\\/www.facebook.com\\\/tejiendolosamigurumis\",\"https:\\\/\\\/x.com\\\/TejeAmigurumis\",\"https:\\\/\\\/www.linkedin.com\\\/in\\\/marisol-saenz-02796029\\\/\",\"https:\\\/\\\/www.youtube.com\\\/@TejiendoAmigurumis\",\"https:\\\/\\\/mx.pinterest.com\\\/MarisolSaenz11\\\/\",\"https:\\\/\\\/www.instagram.com\\\/tejiendoamigurumis\\\/\",\"https:\\\/\\\/web.telegram.org\\\/a\\\/#-1001224398166\"]},{\"@type\":\"Person\",\"@id\":\"https:\\\/\\\/tejiendoamigurumis.com\\\/miembro\\\/#\\\/schema\\\/person\\\/420e593d98c521c7a35e4f8415d04b64\",\"name\":\"Marisol Saenz\",\"image\":{\"@type\":\"ImageObject\",\"inLanguage\":\"es\",\"@id\":\"https:\\\/\\\/secure.gravatar.com\\\/avatar\\\/100e96e23ad9914b49b61a1199fcf756bd738bdb09045462f18365f6637aa926?s=96&d=mm&r=g\",\"url\":\"https:\\\/\\\/secure.gravatar.com\\\/avatar\\\/100e96e23ad9914b49b61a1199fcf756bd738bdb09045462f18365f6637aa926?s=96&d=mm&r=g\",\"contentUrl\":\"https:\\\/\\\/secure.gravatar.com\\\/avatar\\\/100e96e23ad9914b49b61a1199fcf756bd738bdb09045462f18365f6637aa926?s=96&d=mm&r=g\",\"caption\":\"Marisol Saenz\"},\"url\":\"https:\\\/\\\/tejiendoamigurumis.com\\\/miembro\\\/author\\\/marisolsaenz\\\/\"}]}<\/script>\n<!-- \/ Yoast SEO plugin. -->","yoast_head_json":{"title":"Tejiendo Amigurumis te invita a Expo Mercer\u00eda y Manualidades sede Guadalajara - Tejiendo Amigurumis","robots":{"index":"index","follow":"follow","max-snippet":"max-snippet:-1","max-image-preview":"max-image-preview:large","max-video-preview":"max-video-preview:-1"},"canonical":"https:\/\/tejiendoamigurumis.com\/miembro\/tejiendo-amigurumis-te-invita-a-expo-merceria-y-manualidades-sede-guadalajara\/","og_locale":"es_ES","og_type":"article","og_title":"Tejiendo Amigurumis te invita a Expo Mercer\u00eda y Manualidades sede Guadalajara - Tejiendo Amigurumis","og_description":"Hola a toda nuestra comunidad, tenemos una grata noticia, Tejiendo Amigurumis, los invita en nuestra ciudad sede Guadalajara Jalisco a la Expo Mercer\u00eda y Manualidades. Se llevar\u00e1 a cabo del dia 25 al 27 de Agosto de 2022. Esta expo tiene la finalidad de mostrar negocios que hacen sus productos de forma artesanal. La dinamica [&hellip;]","og_url":"https:\/\/tejiendoamigurumis.com\/miembro\/tejiendo-amigurumis-te-invita-a-expo-merceria-y-manualidades-sede-guadalajara\/","og_site_name":"Tejiendo Amigurumis","article_publisher":"https:\/\/www.facebook.com\/tejiendolosamigurumis","article_published_time":"2022-08-01T16:07:17+00:00","article_modified_time":"2022-08-01T16:07:22+00:00","og_image":[{"width":1024,"height":768,"url":"https:\/\/tejiendoamigurumis.com\/miembro\/wp-content\/uploads\/2022\/07\/publicidad-expo-horizontal-1024x768.png","type":"image\/png"}],"author":"Marisol Saenz","twitter_card":"summary_large_image","twitter_creator":"@TejeAmigurumis","twitter_site":"@TejeAmigurumis","twitter_misc":{"Escrito por":"Marisol Saenz","Tiempo de lectura":"2 minutos"},"schema":{"@context":"https:\/\/schema.org","@graph":[{"@type":"Article","@id":"https:\/\/tejiendoamigurumis.com\/miembro\/tejiendo-amigurumis-te-invita-a-expo-merceria-y-manualidades-sede-guadalajara\/#article","isPartOf":{"@id":"https:\/\/tejiendoamigurumis.com\/miembro\/tejiendo-amigurumis-te-invita-a-expo-merceria-y-manualidades-sede-guadalajara\/"},"author":{"name":"Marisol Saenz","@id":"https:\/\/tejiendoamigurumis.com\/miembro\/#\/schema\/person\/420e593d98c521c7a35e4f8415d04b64"},"headline":"Tejiendo Amigurumis te invita a Expo Mercer\u00eda y Manualidades sede Guadalajara","datePublished":"2022-08-01T16:07:17+00:00","dateModified":"2022-08-01T16:07:22+00:00","mainEntityOfPage":{"@id":"https:\/\/tejiendoamigurumis.com\/miembro\/tejiendo-amigurumis-te-invita-a-expo-merceria-y-manualidades-sede-guadalajara\/"},"wordCount":383,"commentCount":0,"publisher":{"@id":"https:\/\/tejiendoamigurumis.com\/miembro\/#organization"},"image":{"@id":"https:\/\/tejiendoamigurumis.com\/miembro\/tejiendo-amigurumis-te-invita-a-expo-merceria-y-manualidades-sede-guadalajara\/#primaryimage"},"thumbnailUrl":"https:\/\/tejiendoamigurumis.com\/miembro\/wp-content\/uploads\/2022\/07\/publicidad-expo-horizontal.png","articleSection":["Blog"],"inLanguage":"es","potentialAction":[{"@type":"CommentAction","name":"Comment","target":["https:\/\/tejiendoamigurumis.com\/miembro\/tejiendo-amigurumis-te-invita-a-expo-merceria-y-manualidades-sede-guadalajara\/#respond"]}]},{"@type":"WebPage","@id":"https:\/\/tejiendoamigurumis.com\/miembro\/tejiendo-amigurumis-te-invita-a-expo-merceria-y-manualidades-sede-guadalajara\/","url":"https:\/\/tejiendoamigurumis.com\/miembro\/tejiendo-amigurumis-te-invita-a-expo-merceria-y-manualidades-sede-guadalajara\/","name":"Tejiendo Amigurumis te invita a Expo Mercer\u00eda y Manualidades sede Guadalajara - Tejiendo Amigurumis","isPartOf":{"@id":"https:\/\/tejiendoamigurumis.com\/miembro\/#website"},"primaryImageOfPage":{"@id":"https:\/\/tejiendoamigurumis.com\/miembro\/tejiendo-amigurumis-te-invita-a-expo-merceria-y-manualidades-sede-guadalajara\/#primaryimage"},"image":{"@id":"https:\/\/tejiendoamigurumis.com\/miembro\/tejiendo-amigurumis-te-invita-a-expo-merceria-y-manualidades-sede-guadalajara\/#primaryimage"},"thumbnailUrl":"https:\/\/tejiendoamigurumis.com\/miembro\/wp-content\/uploads\/2022\/07\/publicidad-expo-horizontal.png","datePublished":"2022-08-01T16:07:17+00:00","dateModified":"2022-08-01T16:07:22+00:00","breadcrumb":{"@id":"https:\/\/tejiendoamigurumis.com\/miembro\/tejiendo-amigurumis-te-invita-a-expo-merceria-y-manualidades-sede-guadalajara\/#breadcrumb"},"inLanguage":"es","potentialAction":[{"@type":"ReadAction","target":["https:\/\/tejiendoamigurumis.com\/miembro\/tejiendo-amigurumis-te-invita-a-expo-merceria-y-manualidades-sede-guadalajara\/"]}]},{"@type":"ImageObject","inLanguage":"es","@id":"https:\/\/tejiendoamigurumis.com\/miembro\/tejiendo-amigurumis-te-invita-a-expo-merceria-y-manualidades-sede-guadalajara\/#primaryimage","url":"https:\/\/tejiendoamigurumis.com\/miembro\/wp-content\/uploads\/2022\/07\/publicidad-expo-horizontal.png","contentUrl":"https:\/\/tejiendoamigurumis.com\/miembro\/wp-content\/uploads\/2022\/07\/publicidad-expo-horizontal.png","width":1600,"height":1200},{"@type":"BreadcrumbList","@id":"https:\/\/tejiendoamigurumis.com\/miembro\/tejiendo-amigurumis-te-invita-a-expo-merceria-y-manualidades-sede-guadalajara\/#breadcrumb","itemListElement":[{"@type":"ListItem","position":1,"name":"Portada","item":"https:\/\/tejiendoamigurumis.com\/miembro\/"},{"@type":"ListItem","position":2,"name":"Tejiendo Amigurumis te invita a Expo Mercer\u00eda y Manualidades sede Guadalajara"}]},{"@type":"WebSite","@id":"https:\/\/tejiendoamigurumis.com\/miembro\/#website","url":"https:\/\/tejiendoamigurumis.com\/miembro\/","name":"Tejiendo Amigurumis","description":"Sitio para miembros","publisher":{"@id":"https:\/\/tejiendoamigurumis.com\/miembro\/#organization"},"potentialAction":[{"@type":"SearchAction","target":{"@type":"EntryPoint","urlTemplate":"https:\/\/tejiendoamigurumis.com\/miembro\/?s={search_term_string}"},"query-input":{"@type":"PropertyValueSpecification","valueRequired":true,"valueName":"search_term_string"}}],"inLanguage":"es"},{"@type":"Organization","@id":"https:\/\/tejiendoamigurumis.com\/miembro\/#organization","name":"Tejiendo Amigurumis","url":"https:\/\/tejiendoamigurumis.com\/miembro\/","logo":{"@type":"ImageObject","inLanguage":"es","@id":"https:\/\/tejiendoamigurumis.com\/miembro\/#\/schema\/logo\/image\/","url":"https:\/\/tejiendoamigurumis.com\/miembro\/wp-content\/uploads\/2016\/12\/LogoHD-1sml.png","contentUrl":"https:\/\/tejiendoamigurumis.com\/miembro\/wp-content\/uploads\/2016\/12\/LogoHD-1sml.png","width":400,"height":188,"caption":"Tejiendo Amigurumis"},"image":{"@id":"https:\/\/tejiendoamigurumis.com\/miembro\/#\/schema\/logo\/image\/"},"sameAs":["https:\/\/www.facebook.com\/tejiendolosamigurumis","https:\/\/x.com\/TejeAmigurumis","https:\/\/www.linkedin.com\/in\/marisol-saenz-02796029\/","https:\/\/www.youtube.com\/@TejiendoAmigurumis","https:\/\/mx.pinterest.com\/MarisolSaenz11\/","https:\/\/www.instagram.com\/tejiendoamigurumis\/","https:\/\/web.telegram.org\/a\/#-1001224398166"]},{"@type":"Person","@id":"https:\/\/tejiendoamigurumis.com\/miembro\/#\/schema\/person\/420e593d98c521c7a35e4f8415d04b64","name":"Marisol Saenz","image":{"@type":"ImageObject","inLanguage":"es","@id":"https:\/\/secure.gravatar.com\/avatar\/100e96e23ad9914b49b61a1199fcf756bd738bdb09045462f18365f6637aa926?s=96&d=mm&r=g","url":"https:\/\/secure.gravatar.com\/avatar\/100e96e23ad9914b49b61a1199fcf756bd738bdb09045462f18365f6637aa926?s=96&d=mm&r=g","contentUrl":"https:\/\/secure.gravatar.com\/avatar\/100e96e23ad9914b49b61a1199fcf756bd738bdb09045462f18365f6637aa926?s=96&d=mm&r=g","caption":"Marisol Saenz"},"url":"https:\/\/tejiendoamigurumis.com\/miembro\/author\/marisolsaenz\/"}]}},"jetpack_featured_media_url":"https:\/\/tejiendoamigurumis.com\/miembro\/wp-content\/uploads\/2022\/07\/publicidad-expo-horizontal.png","_links":{"self":[{"href":"https:\/\/tejiendoamigurumis.com\/miembro\/wp-json\/wp\/v2\/posts\/11436","targetHints":{"allow":["GET"]}}],"collection":[{"href":"https:\/\/tejiendoamigurumis.com\/miembro\/wp-json\/wp\/v2\/posts"}],"about":[{"href":"https:\/\/tejiendoamigurumis.com\/miembro\/wp-json\/wp\/v2\/types\/post"}],"author":[{"embeddable":true,"href":"https:\/\/tejiendoamigurumis.com\/miembro\/wp-json\/wp\/v2\/users\/22"}],"replies":[{"embeddable":true,"href":"https:\/\/tejiendoamigurumis.com\/miembro\/wp-json\/wp\/v2\/comments?post=11436"}],"version-history":[{"count":9,"href":"https:\/\/tejiendoamigurumis.com\/miembro\/wp-json\/wp\/v2\/posts\/11436\/revisions"}],"predecessor-version":[{"id":11474,"href":"https:\/\/tejiendoamigurumis.com\/miembro\/wp-json\/wp\/v2\/posts\/11436\/revisions\/11474"}],"wp:featuredmedia":[{"embeddable":true,"href":"https:\/\/tejiendoamigurumis.com\/miembro\/wp-json\/wp\/v2\/media\/11443"}],"wp:attachment":[{"href":"https:\/\/tejiendoamigurumis.com\/miembro\/wp-json\/wp\/v2\/media?parent=11436"}],"wp:term":[{"taxonomy":"category","embeddable":true,"href":"https:\/\/tejiendoamigurumis.com\/miembro\/wp-json\/wp\/v2\/categories?post=11436"},{"taxonomy":"post_tag","embeddable":true,"href":"https:\/\/tejiendoamigurumis.com\/miembro\/wp-json\/wp\/v2\/tags?post=11436"}],"curies":[{"name":"wp","href":"https:\/\/api.w.org\/{rel}","templated":true}]}}